{"id":240323,"date":"2025-07-10T15:27:10","date_gmt":"2025-07-10T15:27:10","guid":{"rendered":"https:\/\/www.europesays.com\/fr\/240323\/"},"modified":"2025-07-10T15:27:10","modified_gmt":"2025-07-10T15:27:10","slug":"lhomme-qui-a-blesse-un-policier-sur-le-tour-de-france-a-rouen-est-sorti-de-garde-a-vue","status":"publish","type":"post","link":"https:\/\/www.europesays.com\/fr\/240323\/","title":{"rendered":"L&rsquo;homme qui a bless\u00e9 un policier sur le Tour de France \u00e0 Rouen est sorti de garde \u00e0 vue"},"content":{"rendered":"<p>            Par<br \/>\n        <strong><br \/>\n            <a href=\"https:\/\/actu.fr\/auteur\/julien-bouteiller\" title=\"Consulter tous les articles de Julien Bouteiller\" rel=\"nofollow noopener\" target=\"_blank\">Julien Bouteiller<\/a><br \/>\n        <\/strong><\/p>\n<p>        Publi\u00e9 le<\/p>\n<p>            10 juil. 2025 \u00e0 17h21        <\/p>\n<p>La garde \u00e0 vue de l\u2019homme <a href=\"https:\/\/actu.fr\/normandie\/rouen_76540\/la-police-stoppe-un-homme-arme-d-un-couteau-en-plein-tour-de-france-a-rouen_62883589.html\" rel=\"nofollow noopener\" target=\"_blank\">qui a attaqu\u00e9 un CRS avec un couteau<\/a> lors de<strong> l\u2019arriv\u00e9e du Tour de France \u00e0 Rouen est termin\u00e9e<\/strong>, apprend-on ce jeudi 10\u00a0juillet 2025 d\u2019un communiqu\u00e9 du parquet. <strong>Son \u00e9tat psychiatrique est particuli\u00e8rement grave.<\/strong><\/p>\n<p>L\u2019homme au couteau conteste les faits<\/p>\n<p class=\" wall-content\">\u00ab\u2009Ayant \u00e9t\u00e9 pris en charge \u00e0 l\u2019h\u00f4pital pour son \u00e9valuation clinique, le mis en cause a n\u00e9anmoins pu \u00eatre entendu hier par les enqu\u00eateurs\u2009\u00bb, \u00e9crit le procureur. \u00ab\u2009Il a <strong>contest\u00e9 les faits reproch\u00e9s<\/strong> en d\u00e9pit de l\u2019ensemble des t\u00e9moignages concordants recueillis et des vid\u00e9os qui lui ont \u00e9t\u00e9 oppos\u00e9s.\u2009\u00bb<\/p>\n<p class=\" wall-content\">L\u2019expertise psychiatrique a r\u00e9v\u00e9l\u00e9 des troubles mentaux existants depuis quelques mois et \u00ab\u2009conclut<strong> \u00e0 l\u2019abolition du discernement<\/strong> de la personne mise en cause\u2009\u00bb.<\/p>\n<p>Un CRS bless\u00e9 en marge du Tour de France<\/p>\n<p class=\" wall-content\">En cons\u00e9quence, le pr\u00e9fet a ordonn\u00e9<strong> son admission en soins psychiatriques<\/strong>. La garde \u00e0 vue a donc \u00e9t\u00e9 lev\u00e9e. L\u2019enqu\u00eate se poursuit toutefois.<\/p>\n<p class=\" wall-content\">Pour rappel, mardi apr\u00e8s-midi, alors que Rouen <a href=\"https:\/\/actu.fr\/normandie\/rouen_76540\/le-tour-de-france-arrive-a-rouen-la-fete-et-les-coulisses-a-suivre-en-direct_62875764.html\" rel=\"nofollow noopener\" target=\"_blank\">accueillait les coureurs du Tour de France<\/a>, cet homme a brandi un couteau non loin du Boulingrin. Poursuivi par les policiers, il est parvenu \u00e0 blesser un CRS, heureusement prot\u00e9g\u00e9 par son plastron. Un autre policier a tir\u00e9 pour le neutraliser, le blessant superficiellement.<\/p>\n<p>Vid\u00e9os : en ce moment sur ActuSuivez l\u2019actualit\u00e9 de Rouen <a href=\"https:\/\/www.whatsapp.com\/channel\/0029VaKfnf99hXF2ddApFB1D\" rel=\"nofollow noopener\" target=\"_blank\">sur notre cha\u00eene WhatsApp<\/a> et <a href=\"https:\/\/www.tiktok.com\/@76actu.fr?lang=fr\" rel=\"nofollow noopener\" target=\"_blank\">sur notre compte TikTok<\/a><\/p>\n<p class=\" wall-content\">Suivez toute l\u2019actualit\u00e9 de vos villes et m\u00e9dias favoris en vous inscrivant \u00e0 <a href=\"https:\/\/moncompte.actu.fr\" title=\"D\u00e9couvez Mon Actu\" rel=\"nofollow noopener\" data-trk=\"{&quot;cta&quot;:{&quot;action&quot;:&quot;https:\\\/\\\/moncompte.actu.fr&quot;,&quot;category&quot;:&quot;mon compte&quot;,&quot;from&quot;:&quot;article footer&quot;,&quot;name&quot;:&quot;Mon actu&quot;,&quot;type&quot;:&quot;cta&quot;}}\" target=\"_blank\">Mon Actu<\/a>.<\/p>\n<ul class=\"ac-article-tag wall-content\">\n<li><a href=\"https:\/\/actu.fr\/tag\/tour-de-france\" data-trk=\"{&quot;cta&quot;:{&quot;action&quot;:&quot;Tour de France&quot;,&quot;category&quot;:&quot;tag&quot;,&quot;from&quot;:&quot;article footer&quot;,&quot;name&quot;:&quot;Tour de France&quot;,&quot;type&quot;:&quot;cta&quot;}}\" rel=\"nofollow noopener\" target=\"_blank\">#Tour de France<\/a><\/li>\n<li><a href=\"https:\/\/actu.fr\/tag\/tour-de-france-2025\" data-trk=\"{&quot;cta&quot;:{&quot;action&quot;:&quot;Tour de France 2025&quot;,&quot;category&quot;:&quot;tag&quot;,&quot;from&quot;:&quot;article footer&quot;,&quot;name&quot;:&quot;Tour de France 2025&quot;,&quot;type&quot;:&quot;cta&quot;}}\" rel=\"nofollow noopener\" target=\"_blank\">#Tour de France 2025<\/a><\/li>\n<\/ul>\n<p>                    <script async src=\"\/\/www.tiktok.com\/embed.js\"><\/script><\/p>\n","protected":false},"excerpt":{"rendered":"Par Julien Bouteiller Publi\u00e9 le 10 juil. 2025 \u00e0 17h21 La garde \u00e0 vue de l\u2019homme qui a&hellip;\n","protected":false},"author":2,"featured_media":240324,"comment_status":"","ping_status":"","sticky":false,"template":"","format":"standard","meta":{"footnotes":""},"categories":[9587],"tags":[1111,11,1777,674,118,1011,27,12,5161,25,9590,210,2116],"class_list":{"0":"post-240323","1":"post","2":"type-post","3":"status-publish","4":"format-standard","5":"has-post-thumbnail","7":"category-rouen","8":"tag-actu","9":"tag-actualites","10":"tag-eu","11":"tag-europe","12":"tag-faits-divers","13":"tag-fr","14":"tag-france","15":"tag-news","16":"tag-normandie","17":"tag-republique-francaise","18":"tag-rouen","19":"tag-tour-de-france","20":"tag-tour-de-france-2025"},"share_on_mastodon":{"url":"https:\/\/pubeurope.com\/@fr\/114829645817595681","error":""},"_links":{"self":[{"href":"https:\/\/www.europesays.com\/fr\/wp-json\/wp\/v2\/posts\/240323","targetHints":{"allow":["GET"]}}],"collection":[{"href":"https:\/\/www.europesays.com\/fr\/wp-json\/wp\/v2\/posts"}],"about":[{"href":"https:\/\/www.europesays.com\/fr\/wp-json\/wp\/v2\/types\/post"}],"author":[{"embeddable":true,"href":"https:\/\/www.europesays.com\/fr\/wp-json\/wp\/v2\/users\/2"}],"replies":[{"embeddable":true,"href":"https:\/\/www.europesays.com\/fr\/wp-json\/wp\/v2\/comments?post=240323"}],"version-history":[{"count":0,"href":"https:\/\/www.europesays.com\/fr\/wp-json\/wp\/v2\/posts\/240323\/revisions"}],"wp:featuredmedia":[{"embeddable":true,"href":"https:\/\/www.europesays.com\/fr\/wp-json\/wp\/v2\/media\/240324"}],"wp:attachment":[{"href":"https:\/\/www.europesays.com\/fr\/wp-json\/wp\/v2\/media?parent=240323"}],"wp:term":[{"taxonomy":"category","embeddable":true,"href":"https:\/\/www.europesays.com\/fr\/wp-json\/wp\/v2\/categories?post=240323"},{"taxonomy":"post_tag","embeddable":true,"href":"https:\/\/www.europesays.com\/fr\/wp-json\/wp\/v2\/tags?post=240323"}],"curies":[{"name":"wp","href":"https:\/\/api.w.org\/{rel}","templated":true}]}}