{"id":24033,"date":"2025-04-14T10:35:46","date_gmt":"2025-04-14T10:35:46","guid":{"rendered":"https:\/\/www.europesays.com\/fr\/24033\/"},"modified":"2025-04-14T10:35:46","modified_gmt":"2025-04-14T10:35:46","slug":"un-homme-de-28-ans-tue-par-balles-pres-dun-point-de-deal","status":"publish","type":"post","link":"https:\/\/www.europesays.com\/fr\/24033\/","title":{"rendered":"Un homme de 28 ans tu\u00e9 par balles pr\u00e8s d\u2019un point de deal"},"content":{"rendered":"<p>Que s\u2019est-il pass\u00e9 dans le quartier Pasteur de <a href=\"https:\/\/www.20minutes.fr\/nice\/\" class=\"color-ultramarine c-link\" target=\"_blank\" rel=\"noopener\">Nice<\/a>\u00a0? Un homme a \u00e9t\u00e9 <a href=\"https:\/\/www.20minutes.fr\/faits_divers\/4145618-20250327-appartement-envahi-asticots-mouches-voisin-mort-depuis-cinq-mois\" target=\"_blank\" class=\"color-ultramarine c-link\" rel=\"noopener\">retrouv\u00e9 mortellement<\/a> touch\u00e9 par six impacts de balles au torse et \u00e0 la gorge dans la nuit de vendredi \u00e0 samedi. Dix 10 \u00e9tuis de calibre 9 mm ont \u00e9t\u00e9 retrouv\u00e9s sur place selon un communiqu\u00e9 du procureur de la R\u00e9publique de Nice, Damien Martinelli n\u2019a pas communiqu\u00e9 davantage d\u2019informations.<\/p>\n<p>Selon une source polici\u00e8re, la victime \u00e2g\u00e9e de 28 ans, a \u00e9t\u00e9 tu\u00e9e \u00e0 00h45 par deux individus circulant \u00e0 scooter. \u00ab\u00a0D\u00e9favorablement connue des services\u00a0\u00bb pour d\u00e9lits routiers, des faits de violences aggrav\u00e9es et des infractions \u00e0 la l\u00e9gislation sur les stup\u00e9fiants, la victime a \u00e9t\u00e9 trouv\u00e9e porteuse \u00ab\u00a0d\u2019\u00e9l\u00e9ments susceptibles d\u2019\u00eatre en lien avec des faits de trafic de stup\u00e9fiants\u00a0\u00bb, rapporte le parquet.<\/p>\n<\/p>\n<p>Le quartier Pasteur, situ\u00e9 dans l\u2019est de la ville, se trouve non loin de points de deal, th\u00e9\u00e2tres r\u00e9cents de r\u00e8glements de comptes.<\/p>\n<p>Une enqu\u00eate est en cours pour identifier le ou les tireurs. Les investigations diligent\u00e9es du chef d\u2019homicide en bande organis\u00e9e et association de malfaiteurs sont confi\u00e9es au SIPJ 06.<\/p>\n<p>Le m\u00eame soir, \u00e0 Nice, un jeune homme a \u00e9t\u00e9 agress\u00e9 \u00e0 l\u2019arme blanche selon <a href=\"https:\/\/www.bfmtv.com\/cote-d-azur\/nice-un-jeune-homme-agresse-au-couteau-sur-le-boulevard-de-l-ariane_AN-202504120066.html\" rel=\"nofollow noopener\" target=\"_blank\" class=\"color-ultramarine c-link\">BFM Nice C\u00f4te d\u2019Azur.<\/a> La victime a re\u00e7u plusieurs coups de couteau sur le boulevard de l\u2019Ariane, aux alentours de 20h30. Il a \u00e9t\u00e9 l\u00e9g\u00e8rement bless\u00e9, ses jours ne sont pas en danger.<\/p>\n","protected":false},"excerpt":{"rendered":"Que s\u2019est-il pass\u00e9 dans le quartier Pasteur de Nice\u00a0? Un homme a \u00e9t\u00e9 retrouv\u00e9 mortellement touch\u00e9 par six&hellip;\n","protected":false},"author":2,"featured_media":24034,"comment_status":"","ping_status":"","sticky":false,"template":"","format":"standard","meta":{"footnotes":""},"categories":[2819],"tags":[1111,47,11,2898,6376,5143,3983,1067,1777,674,118,8686,1011,27,2683,777,12,2401,883,882,25],"class_list":{"0":"post-24033","1":"post","2":"type-post","3":"status-publish","4":"format-standard","5":"has-post-thumbnail","7":"category-nice","8":"tag-actu","9":"tag-actualite","10":"tag-actualites","11":"tag-alpes-maritimes","12":"tag-armes","13":"tag-coups-de-feu","14":"tag-deces","15":"tag-enquete","16":"tag-eu","17":"tag-europe","18":"tag-faits-divers","19":"tag-faits-divers-nice","20":"tag-fr","21":"tag-france","22":"tag-homicide","23":"tag-meurtre","24":"tag-news","25":"tag-nice","26":"tag-paca","27":"tag-provence-alpes-cote-dazur","28":"tag-republique-francaise"},"share_on_mastodon":{"url":"https:\/\/pubeurope.com\/@fr\/114335880487816830","error":""},"_links":{"self":[{"href":"https:\/\/www.europesays.com\/fr\/wp-json\/wp\/v2\/posts\/24033","targetHints":{"allow":["GET"]}}],"collection":[{"href":"https:\/\/www.europesays.com\/fr\/wp-json\/wp\/v2\/posts"}],"about":[{"href":"https:\/\/www.europesays.com\/fr\/wp-json\/wp\/v2\/types\/post"}],"author":[{"embeddable":true,"href":"https:\/\/www.europesays.com\/fr\/wp-json\/wp\/v2\/users\/2"}],"replies":[{"embeddable":true,"href":"https:\/\/www.europesays.com\/fr\/wp-json\/wp\/v2\/comments?post=24033"}],"version-history":[{"count":0,"href":"https:\/\/www.europesays.com\/fr\/wp-json\/wp\/v2\/posts\/24033\/revisions"}],"wp:featuredmedia":[{"embeddable":true,"href":"https:\/\/www.europesays.com\/fr\/wp-json\/wp\/v2\/media\/24034"}],"wp:attachment":[{"href":"https:\/\/www.europesays.com\/fr\/wp-json\/wp\/v2\/media?parent=24033"}],"wp:term":[{"taxonomy":"category","embeddable":true,"href":"https:\/\/www.europesays.com\/fr\/wp-json\/wp\/v2\/categories?post=24033"},{"taxonomy":"post_tag","embeddable":true,"href":"https:\/\/www.europesays.com\/fr\/wp-json\/wp\/v2\/tags?post=24033"}],"curies":[{"name":"wp","href":"https:\/\/api.w.org\/{rel}","templated":true}]}}