{"id":240330,"date":"2025-07-10T15:32:17","date_gmt":"2025-07-10T15:32:17","guid":{"rendered":"https:\/\/www.europesays.com\/fr\/240330\/"},"modified":"2025-07-10T15:32:17","modified_gmt":"2025-07-10T15:32:17","slug":"universite-une-operation-booste-ta-rentree-pour-decouvrir-la-vie-etudiante-et-lunistra","status":"publish","type":"post","link":"https:\/\/www.europesays.com\/fr\/240330\/","title":{"rendered":"Universit\u00e9. Une op\u00e9ration \u00ab\u00a0Booste ta rentr\u00e9e\u00a0\u00bb pour d\u00e9couvrir la vie \u00e9tudiante et l\u2019Unistra"},"content":{"rendered":"<p>Pour faciliter l\u2019entr\u00e9e des nouveaux bacheliers dans la vie \u00e9tudiante et leur faire d\u00e9couvrir les services de l\u2019Universit\u00e9 de Strasbourg, l\u2019Unistra renouvelle \u00ab\u00a0Booste ta rentr\u00e9e\u00a0\u00bb. Organis\u00e9 du 27 au 29\u00a0ao\u00fbt, ce dispositif permet \u00e0 200 nouveaux \u00e9tudiants de tisser des liens et de s\u2019initier aux m\u00e9thodes de travail universitaire \u00e0 travers des ateliers et activit\u00e9s de groupe. Au programme\u00a0: Apprendre \u00e0 g\u00e9rer son temps\u00a0; Communiquer efficacement\u00a0; La confiance en soi par l\u2019improvisation th\u00e9\u00e2trale\u00a0; Apprendre plus efficacement avec le mind-mapping\u2026 et aussi d\u00e9couverte de la ville de Strasbourg.<\/p>\n<p>\u00ab\u00a0Booste ta rentr\u00e9e\u00a0\u00bb, du 27 au 29\u00a0ao\u00fbt au Patio sur le campus Esplanade. Plus d\u2019informations et inscription d\u00e8s le 15\u00a0juillet sur\u00a0: <a href=\"https:\/\/aidealareussite.unistra.fr\/\" target=\"_blank\" rel=\"nofollow noopener\">https:\/\/aidealareussite.unistra.fr\/ <\/a><\/p>\n<p>En cas de difficult\u00e9s d\u2019acc\u00e8s, \u00e9crire \u00e0\u00a0: idip-boostetarentree@unistra.fr<\/p>\n","protected":false},"excerpt":{"rendered":"Pour faciliter l\u2019entr\u00e9e des nouveaux bacheliers dans la vie \u00e9tudiante et leur faire d\u00e9couvrir les services de l\u2019Universit\u00e9&hellip;\n","protected":false},"author":2,"featured_media":240331,"comment_status":"","ping_status":"","sticky":false,"template":"","format":"standard","meta":{"footnotes":""},"categories":[2820],"tags":[1111,11,2389,2649,2880,1057,4854,1777,674,107,1011,27,775,12,25,640,2879],"class_list":{"0":"post-240330","1":"post","2":"type-post","3":"status-publish","4":"format-standard","5":"has-post-thumbnail","7":"category-strasbourg","8":"tag-actu","9":"tag-actualites","10":"tag-alsace","11":"tag-bas-rhin","12":"tag-edition-strasbourg","13":"tag-education","14":"tag-enseignement-superieur","15":"tag-eu","16":"tag-europe","17":"tag-fil-info","18":"tag-fr","19":"tag-france","20":"tag-grand-est","21":"tag-news","22":"tag-republique-francaise","23":"tag-strasbourg","24":"tag-strasbourg-ville"},"share_on_mastodon":{"url":"https:\/\/pubeurope.com\/@fr\/114829665423420266","error":""},"_links":{"self":[{"href":"https:\/\/www.europesays.com\/fr\/wp-json\/wp\/v2\/posts\/240330","targetHints":{"allow":["GET"]}}],"collection":[{"href":"https:\/\/www.europesays.com\/fr\/wp-json\/wp\/v2\/posts"}],"about":[{"href":"https:\/\/www.europesays.com\/fr\/wp-json\/wp\/v2\/types\/post"}],"author":[{"embeddable":true,"href":"https:\/\/www.europesays.com\/fr\/wp-json\/wp\/v2\/users\/2"}],"replies":[{"embeddable":true,"href":"https:\/\/www.europesays.com\/fr\/wp-json\/wp\/v2\/comments?post=240330"}],"version-history":[{"count":0,"href":"https:\/\/www.europesays.com\/fr\/wp-json\/wp\/v2\/posts\/240330\/revisions"}],"wp:featuredmedia":[{"embeddable":true,"href":"https:\/\/www.europesays.com\/fr\/wp-json\/wp\/v2\/media\/240331"}],"wp:attachment":[{"href":"https:\/\/www.europesays.com\/fr\/wp-json\/wp\/v2\/media?parent=240330"}],"wp:term":[{"taxonomy":"category","embeddable":true,"href":"https:\/\/www.europesays.com\/fr\/wp-json\/wp\/v2\/categories?post=240330"},{"taxonomy":"post_tag","embeddable":true,"href":"https:\/\/www.europesays.com\/fr\/wp-json\/wp\/v2\/tags?post=240330"}],"curies":[{"name":"wp","href":"https:\/\/api.w.org\/{rel}","templated":true}]}}