{"id":240332,"date":"2025-07-10T15:33:16","date_gmt":"2025-07-10T15:33:16","guid":{"rendered":"https:\/\/www.europesays.com\/fr\/240332\/"},"modified":"2025-07-10T15:33:16","modified_gmt":"2025-07-10T15:33:16","slug":"la-hierarchie-des-gardiens-se-precise-a-strasbourg-alsasports","status":"publish","type":"post","link":"https:\/\/www.europesays.com\/fr\/240332\/","title":{"rendered":"La hi\u00e9rarchie des gardiens se pr\u00e9cise \u00e0 Strasbourg \u2014 Alsa&rsquo;Sports"},"content":{"rendered":"<p><strong>Le Belge Mike Penders (19 ans) est sur le point d\u2019\u00eatre pr\u00eat\u00e9 au Racing pour \u00eatre gardien num\u00e9ro 1. Le club attend ensuite un troisi\u00e8me gardien derri\u00e8re le num\u00e9ro 2 Karl-Johan Johnsson. <\/strong><\/p>\n<p>Apr\u00e8s avoir vendu les gardiens Alaa Bellaarouch \u00e0 Braga et Robin Risser \u00e0 Lens, le Racing Club de Strasbourg s\u2019active sur le march\u00e9 des gardiens de but. Nous avons d\u00e9j\u00e0 confirm\u00e9 hier matin que Chelsea et Strasbourg r\u00e9fl\u00e9chissaient toujours \u00e0 une solution pour que le Belge Mike Penders (19 ans) soit pr\u00eat\u00e9 en Alsace. Un gardien prometteur mais qui n\u2019a pas encore jou\u00e9 sous les couleurs des Blues car pr\u00eat\u00e9 la saison derni\u00e8re \u00e0 Genk (21 matches de Jupiler Pro League). Les discussions avancent bien et il faudra que Strasbourg lib\u00e8re des places parmi les joueurs pr\u00eat\u00e9s par Chelsea, sachant que Kendry Paez et Mathis Amougou sont aussi concern\u00e9s. Rappelons que la limite de pr\u00eats depuis un m\u00eame club est de trois.<\/p>\n<p>Derri\u00e8re, la hi\u00e9rarchie se pr\u00e9cise aussi. Le Su\u00e9dois Karl-Johan Johnsson (35 ans) sera le gardien num\u00e9ro 2 comme la saison derni\u00e8re. Ensuite, Bellaarouch et Risser ont \u00e9t\u00e9 pouss\u00e9s vers la sortie et le club alsacien doit les remplacer. Un gardien num\u00e9ro 3 est aussi attendu \u00e0 la Meinau, sous la forme d\u2019un transfert sec cette fois-ci. Un temps envisag\u00e9, le gardien num\u00e9ro 2 de Chelsea Filip Jorgensen (23 ans) aurait refus\u00e9 une cession temporaire au RCSA selon L\u2019\u00c9quipe. <\/p>\n","protected":false},"excerpt":{"rendered":"Le Belge Mike Penders (19 ans) est sur le point d\u2019\u00eatre pr\u00eat\u00e9 au Racing pour \u00eatre gardien num\u00e9ro&hellip;\n","protected":false},"author":2,"featured_media":240333,"comment_status":"","ping_status":"","sticky":false,"template":"","format":"standard","meta":{"footnotes":""},"categories":[2820],"tags":[1111,11,1777,674,63,1011,27,775,66,12,4448,25,640],"class_list":{"0":"post-240332","1":"post","2":"type-post","3":"status-publish","4":"format-standard","5":"has-post-thumbnail","7":"category-strasbourg","8":"tag-actu","9":"tag-actualites","10":"tag-eu","11":"tag-europe","12":"tag-football","13":"tag-fr","14":"tag-france","15":"tag-grand-est","16":"tag-ligue-1","17":"tag-news","18":"tag-rc-strasbourg","19":"tag-republique-francaise","20":"tag-strasbourg"},"share_on_mastodon":{"url":"https:\/\/pubeurope.com\/@fr\/114829669423478017","error":""},"_links":{"self":[{"href":"https:\/\/www.europesays.com\/fr\/wp-json\/wp\/v2\/posts\/240332","targetHints":{"allow":["GET"]}}],"collection":[{"href":"https:\/\/www.europesays.com\/fr\/wp-json\/wp\/v2\/posts"}],"about":[{"href":"https:\/\/www.europesays.com\/fr\/wp-json\/wp\/v2\/types\/post"}],"author":[{"embeddable":true,"href":"https:\/\/www.europesays.com\/fr\/wp-json\/wp\/v2\/users\/2"}],"replies":[{"embeddable":true,"href":"https:\/\/www.europesays.com\/fr\/wp-json\/wp\/v2\/comments?post=240332"}],"version-history":[{"count":0,"href":"https:\/\/www.europesays.com\/fr\/wp-json\/wp\/v2\/posts\/240332\/revisions"}],"wp:featuredmedia":[{"embeddable":true,"href":"https:\/\/www.europesays.com\/fr\/wp-json\/wp\/v2\/media\/240333"}],"wp:attachment":[{"href":"https:\/\/www.europesays.com\/fr\/wp-json\/wp\/v2\/media?parent=240332"}],"wp:term":[{"taxonomy":"category","embeddable":true,"href":"https:\/\/www.europesays.com\/fr\/wp-json\/wp\/v2\/categories?post=240332"},{"taxonomy":"post_tag","embeddable":true,"href":"https:\/\/www.europesays.com\/fr\/wp-json\/wp\/v2\/tags?post=240332"}],"curies":[{"name":"wp","href":"https:\/\/api.w.org\/{rel}","templated":true}]}}