{"id":240349,"date":"2025-07-10T15:42:43","date_gmt":"2025-07-10T15:42:43","guid":{"rendered":"https:\/\/www.europesays.com\/fr\/240349\/"},"modified":"2025-07-10T15:42:43","modified_gmt":"2025-07-10T15:42:43","slug":"tourcoing-plage-revient-pour-une-22e-edition","status":"publish","type":"post","link":"https:\/\/www.europesays.com\/fr\/240349\/","title":{"rendered":"Tourcoing plage revient pour une 22e \u00e9dition"},"content":{"rendered":"<p>            Par<br \/>\n        <strong><br \/>\n            <a href=\"https:\/\/actu.fr\/auteur\/redaction-lille\" title=\"Consulter tous les articles de R\u00e9daction Lille\" target=\"_blank\" rel=\"noopener\">R\u00e9daction Lille<\/a><br \/>\n        <\/strong><\/p>\n<p>        Publi\u00e9 le<\/p>\n<p>            7 juil. 2025 \u00e0 14h00        <\/p>\n<p>\u00c0 l\u2019approche <a href=\"https:\/\/actu.fr\/meteo\/les-fortes-chaleurs-de-retour-dans-le-nord-pas-de-calais-le-mercure-frolera-bientot-les-30c_62867692.html\" target=\"_blank\" rel=\"noopener\">d\u2019une nouvelle vague de chaleur dans le Nord<\/a>, le calendrier est parfait : <b>du 9 au 27 juillet 2025, c\u2019est la 22e \u00e9dition de <a href=\"https:\/\/actu.fr\/hauts-de-france\/tourcoing_59599\" target=\"_blank\" rel=\"noopener\">Tourcoing<\/a> Plage<\/b>, au quai de Bordeaux. En voil\u00e0 une nouvelle rafra\u00eechissante, pour les petits et comme les grands, qui pourront se d\u00e9tendre et participer <b>gratuitement \u00e0 un vaste panel d\u2019activit\u00e9s<\/b> : cr\u00e9atives, aquatiques, sportives, et spectacles en tous genres. Et une grande nouveaut\u00e9 attend le public cette ann\u00e9e !<\/p>\n<p>Tourcoing plage revient pour une 22e \u00e9dition : une grande nouveaut\u00e9 en 2025<\/p>\n<p class=\" wall-content\">Les visiteurs vont \u00eatre ravis : <b>une base nautique<\/b> \u00ab\u00a0pour vous faire vivre encore plus de sensations sur l\u2019eau\u00a0\u00bb, lit-on sur la page Facebook de la Ville, sera bien pr\u00e9sente.<\/p>\n<p class=\" wall-content\">Pendant que les plus jeunes profiteront de ces jeux sur l\u2019eau, les plus grands pourront se restaurer dans les espaces d\u00e9di\u00e9s, ouverts de 11h \u00e0 21h tous les jours. Au programme :<\/p>\n<ul class=\" wall-content\">\n<li>Tous les jours : Xtrem adrenaline run <b>(parcours d\u2019obstacles gonflables) <\/b>\u00e0 la base nautique, de 14h \u00e0 20h, et une m\u00e9diath\u00e8que en plein air de 15h \u00e0 18h30 (espace m\u00e9diath\u00e8que)<\/li>\n<li>9 juillet : <b>spectacle de magie <\/b>par la compagnie RPG, de 15h \u00e0 15h30 et de 17h \u00e0 17h30<\/li>\n<li>10 juillet : <b>atelier photo <\/b>avec Philippe Dupuich, \u00e0 l\u2019espace ateliers, de 14h \u00e0 20h<\/li>\n<li>11 juillet : <b>atelier \u00ab\u00a0m\u00e9daillon de fleurs\u00a0\u00bb <\/b>\u00e0 l\u2019espace ateliers, de 16h30 \u00e0 19h30<\/li>\n<li>12 juillet : <b>atelier de r\u00e9paration de v\u00e9los <\/b>de 14h \u00e0 18h, atelier cerf-volant de 17h30 \u00e0 19h30<\/li>\n<li>13 juillet : <b>arts plastiques et recyclage<\/b> de 14h30 \u00e0 17h30<\/li>\n<\/ul>\n<p>    <a href=\"https:\/\/www.facebook.com\/plugins\/post.php?href=https%3A%2F%2Fwww.facebook.com%2FTourcoinglaVille%2Fposts%2Fpfbid02V68exxEGunStRQJNqq1987LGoKbSBCZnifeYffnDDzq1GDgt4W5zhK5MHW2qE7skl&amp;show_text=true&amp;width=350\" title=\"Ouvrie le lien\" target=\"_blank\" rel=\"noopener\">Cliquez ici pour visualiser le contenu<\/a><\/p>\n<p>Vid\u00e9os : en ce moment sur Actu<\/p>\n<p class=\" wall-content\">Ce n\u2019est qu\u2019un tr\u00e8s bref aper\u00e7u de l\u2019\u00e9tendue des festivit\u00e9s, que vous pouvez retrouver au complet <a href=\"https:\/\/www.tourcoing.fr\/Evenements\/Tourcoing-Plage-illumine-votre-ete\" target=\"_blank\" rel=\"noopener\">sur le site de la mairie<\/a>. Un air de vacances souffle sur la m\u00e9tropole\u2026<\/p>\n<p class=\" wall-content\"><b>Lina Melhem<\/b><\/p>\n<p class=\" wall-content\">Suivez toute l\u2019actualit\u00e9 de vos villes et m\u00e9dias favoris en vous inscrivant \u00e0 <a href=\"https:\/\/moncompte.actu.fr\" title=\"D\u00e9couvez Mon Actu\" rel=\"nofollow noopener\" data-trk=\"{&quot;cta&quot;:{&quot;action&quot;:&quot;https:\\\/\\\/moncompte.actu.fr&quot;,&quot;category&quot;:&quot;mon compte&quot;,&quot;from&quot;:&quot;article footer&quot;,&quot;name&quot;:&quot;Mon actu&quot;,&quot;type&quot;:&quot;cta&quot;}}\" target=\"_blank\">Mon Actu<\/a>.<\/p>\n","protected":false},"excerpt":{"rendered":"Par R\u00e9daction Lille Publi\u00e9 le 7 juil. 2025 \u00e0 14h00 \u00c0 l\u2019approche d\u2019une nouvelle vague de chaleur dans&hellip;\n","protected":false},"author":2,"featured_media":240350,"comment_status":"","ping_status":"","sticky":false,"template":"","format":"standard","meta":{"footnotes":""},"categories":[2815],"tags":[1111,11,1777,674,652,1011,27,811,1307,1652,12,8302,25],"class_list":{"0":"post-240349","1":"post","2":"type-post","3":"status-publish","4":"format-standard","5":"has-post-thumbnail","7":"category-lille","8":"tag-actu","9":"tag-actualites","10":"tag-eu","11":"tag-europe","12":"tag-famille","13":"tag-fr","14":"tag-france","15":"tag-hauts-de-france","16":"tag-lille","17":"tag-loisirs-culture","18":"tag-news","19":"tag-plages","20":"tag-republique-francaise"},"share_on_mastodon":{"url":"https:\/\/pubeurope.com\/@fr\/114829704826066655","error":""},"_links":{"self":[{"href":"https:\/\/www.europesays.com\/fr\/wp-json\/wp\/v2\/posts\/240349","targetHints":{"allow":["GET"]}}],"collection":[{"href":"https:\/\/www.europesays.com\/fr\/wp-json\/wp\/v2\/posts"}],"about":[{"href":"https:\/\/www.europesays.com\/fr\/wp-json\/wp\/v2\/types\/post"}],"author":[{"embeddable":true,"href":"https:\/\/www.europesays.com\/fr\/wp-json\/wp\/v2\/users\/2"}],"replies":[{"embeddable":true,"href":"https:\/\/www.europesays.com\/fr\/wp-json\/wp\/v2\/comments?post=240349"}],"version-history":[{"count":0,"href":"https:\/\/www.europesays.com\/fr\/wp-json\/wp\/v2\/posts\/240349\/revisions"}],"wp:featuredmedia":[{"embeddable":true,"href":"https:\/\/www.europesays.com\/fr\/wp-json\/wp\/v2\/media\/240350"}],"wp:attachment":[{"href":"https:\/\/www.europesays.com\/fr\/wp-json\/wp\/v2\/media?parent=240349"}],"wp:term":[{"taxonomy":"category","embeddable":true,"href":"https:\/\/www.europesays.com\/fr\/wp-json\/wp\/v2\/categories?post=240349"},{"taxonomy":"post_tag","embeddable":true,"href":"https:\/\/www.europesays.com\/fr\/wp-json\/wp\/v2\/tags?post=240349"}],"curies":[{"name":"wp","href":"https:\/\/api.w.org\/{rel}","templated":true}]}}