{"id":240353,"date":"2025-07-10T15:44:15","date_gmt":"2025-07-10T15:44:15","guid":{"rendered":"https:\/\/www.europesays.com\/fr\/240353\/"},"modified":"2025-07-10T15:44:15","modified_gmt":"2025-07-10T15:44:15","slug":"le-rn-au-coeur-dune-autre-enquete-menee-a-marseille-depuis-2021-sur-des-financements-de-campagnes-electorales","status":"publish","type":"post","link":"https:\/\/www.europesays.com\/fr\/240353\/","title":{"rendered":"Le RN au coeur d&rsquo;une autre enqu\u00eate men\u00e9e \u00e0 Marseille depuis 2021 sur des financements de campagnes \u00e9lectorales"},"content":{"rendered":"<p>Le Rassemblement national est \u00e9galement au coeur d&rsquo;une autre enqu\u00eate men\u00e9e \u00e0 Marseille depuis 2021 sur des soup\u00e7ons de financement ill\u00e9gal de campagnes \u00e9lectorales lors des municipales de 2020 et des r\u00e9gionales de 2021, a appris l&rsquo;AFP jeudi aupr\u00e8s du parquet.<\/p>\n<p>Au lendemain <a href=\"https:\/\/www.laprovence.com\/article\/politique\/7187169419810814\/le-siege-du-rn-perquisitionne-annonce-jordan-bardella-qui-denonce-une-operation-de-harcelement\" target=\"_blank\" rel=\"noopener\">d&rsquo;une perquisition men\u00e9e au si\u00e8ge du RN<\/a> dans le cadre d&rsquo;une enqu\u00eate pour financement illicite des campagnes \u00e9lectorales du parti d&rsquo;extr\u00eame droite en 2022 et 2024, Le Monde r\u00e9v\u00e8le jeudi qu&rsquo;une autre enqu\u00eate est en cours \u00e0 Marseille sur des campagnes ant\u00e9rieures et que le milliardaire Pierre-Edouard St\u00e9rin aurait \u00e9t\u00e9 interrog\u00e9 dans ce dossier.<\/p>\n<p>Contact\u00e9 par l&rsquo;AFP, le parquet de Marseille confirme : \u00ab\u00a0l&rsquo;objet des investigations concerne les conditions dans lesquelles des pr\u00eats visant \u00e0 financer les campagnes \u00e9lectorales de plusieurs candidats \u00e0 des scrutins ont \u00e9t\u00e9 accord\u00e9s\u00a0\u00bb.<\/p>\n<p>Les faits sont initialement \u00ab\u00a0apparus incidemment dans le cadre d\u2019une proc\u00e9dure ouverte \u00e0 Alen\u00e7on (Orne), le 18 janvier 2021\u00a0\u00bb. Le parquet de Marseille a ensuite r\u00e9cup\u00e9r\u00e9 le dossier et ouvert une enqu\u00eate pr\u00e9liminaire \u00ab\u00a0pour violation des r\u00e8gles relatives au financement de campagnes \u00e9lectorales concernant le financement de plusieurs candidats du parti Rassemblement National au scrutin des \u00e9lections municipales 2020 de Marseille\u00a0\u00bb.<\/p>\n<p>Par la suite, le p\u00e9rim\u00e8tre des investigations s&rsquo;est \u00e9largi aux municipales de 2020 dans plusieurs villes dont Nice ou Lyon et aux r\u00e9gionales de 2021 en Provence-Alpes-C\u00f4te d&rsquo;Azur, Normandie, Occitanie ou encore dans le Centre-Val de Loire. Au fil de l&rsquo;enqu\u00eate, des soup\u00e7ons de blanchiment ou d&rsquo;exercice ill\u00e9gal de la profession de banquier se sont ajout\u00e9s \u00e0 ceux de financement illicite de campagne, d\u00e9taille le parquet.<\/p>\n<p>Les pr\u00eats aux partis ne doivent pas \u00eatre \u00ab\u00a0habituels\u00a0\u00bb<\/p>\n<p>Le 11 juin 2024, le milliardaire ultra-conservateur Pierre-Edouard St\u00e9rin a \u00e9t\u00e9 entendu \u00ab\u00a0sous le r\u00e9gime de suspect libre\u00a0\u00bb, confirme encore le parquet de Marseille.<\/p>\n<p>\u00ab\u00a0J&rsquo;ai pu, \u00e0 cette occasion, apporter les r\u00e9ponses aux questions qui m&rsquo;ont \u00e9t\u00e9 pos\u00e9es\u00a0\u00bb, a d\u00e9clar\u00e9 M. St\u00e9rin au Monde.<\/p>\n<p>Le montant des pr\u00eats vis\u00e9s par cette enqu\u00eate s&rsquo;\u00e9l\u00e8ve au total \u00e0 1,8 million d&rsquo;euros, selon le parquet.<\/p>\n<p>Les pr\u00eats aux partis politiques sont autoris\u00e9s par la loi dans un cadre pr\u00e9cis mais ne doivent pas \u00eatre \u00ab\u00a0habituels\u00a0\u00bb au risque de devenir des dons d\u00e9guis\u00e9s selon les r\u00e8gles de la Commission nationale des comptes de campagne et des financements politiques. Le RN, parti qui a le plus utilis\u00e9 ce syst\u00e8me de pr\u00eats ces derni\u00e8res ann\u00e9es selon la CNCCFP, a d\u00e9nonc\u00e9 jeudi le \u00ab\u00a0flou\u00a0\u00bb qui r\u00e8gne autour des r\u00e8gles encadrant ces pr\u00eats de particuliers aux organisations politiques.<\/p>\n<p>\u00ab\u00a0Je n\u2019ai absolument rien \u00e0 me reprocher, tout comme celles ou ceux qui ont bien voulu pr\u00eater \u00e0 ma campagne (et ont \u00e9t\u00e9 rembours\u00e9s) pour faire vivre la d\u00e9mocratie et le pluralisme\u00a0\u00bb, a r\u00e9agi aupr\u00e8s de l&rsquo;AFP Philippe Vardon, candidat aux municipales 2020 de Nice et qui a depuis quitt\u00e9 le Rassemblement national.<\/p>\n<p>\u00ab\u00a0Il me semble \u00e9vident que nous sommes face \u00e0 une volont\u00e9 politico-judiciaire qui va bien au-del\u00e0 de ma modeste personne et ma campagne des municipales 2020\u00a0\u00bb, a-t-il ajout\u00e9, pr\u00e9cisant que les comptes de sa campagne avaient \u00e9t\u00e9 \u00ab\u00a0int\u00e9gralement valid\u00e9s\u00a0\u00bb.<\/p>\n<p>Contact\u00e9 par l&rsquo;AFP, <a href=\"https:\/\/www.laprovence.com\/article\/politique\/5868832705539914\/marseille-confidentiels-stephane-ravier-tente-de-renouer-avec-le-rn\" target=\"_blank\" rel=\"noopener\">le s\u00e9nateur d&rsquo;extr\u00eame droite St\u00e9phane Ravier<\/a>, candidat malheureux du RN aux municipales de Marseille en 2020, qui a lui aussi quitt\u00e9 le parti depuis, n&rsquo;a \u00ab\u00a0aucune d\u00e9claration \u00e0 faire\u00a0\u00bb. Thierry Mariani, candidat du RN en Paca en 2021, n&rsquo;\u00e9tait de son c\u00f4t\u00e9 pas joignable dans l&rsquo;imm\u00e9diat.<\/p>\n","protected":false},"excerpt":{"rendered":"Le Rassemblement national est \u00e9galement au coeur d&rsquo;une autre enqu\u00eate men\u00e9e \u00e0 Marseille depuis 2021 sur des soup\u00e7ons&hellip;\n","protected":false},"author":2,"featured_media":240354,"comment_status":"","ping_status":"","sticky":false,"template":"","format":"standard","meta":{"footnotes":""},"categories":[2814],"tags":[17,1111,11,12208,1102,6521,394,4440,1067,1777,674,274,1011,27,884,38006,12,882,25],"class_list":{"0":"post-240353","1":"post","2":"type-post","3":"status-publish","4":"format-standard","5":"has-post-thumbnail","7":"category-marseille","8":"tag-17","9":"tag-actu","10":"tag-actualites","11":"tag-autre","12":"tag-breakingnews","13":"tag-coeur","14":"tag-depuis","15":"tag-dune","16":"tag-enquete","17":"tag-eu","18":"tag-europe","19":"tag-faits-divers-justice","20":"tag-fr","21":"tag-france","22":"tag-marseille","23":"tag-menee","24":"tag-news","25":"tag-provence-alpes-cote-dazur","26":"tag-republique-francaise"},"share_on_mastodon":{"url":"https:\/\/pubeurope.com\/@fr\/114829712637115855","error":""},"_links":{"self":[{"href":"https:\/\/www.europesays.com\/fr\/wp-json\/wp\/v2\/posts\/240353","targetHints":{"allow":["GET"]}}],"collection":[{"href":"https:\/\/www.europesays.com\/fr\/wp-json\/wp\/v2\/posts"}],"about":[{"href":"https:\/\/www.europesays.com\/fr\/wp-json\/wp\/v2\/types\/post"}],"author":[{"embeddable":true,"href":"https:\/\/www.europesays.com\/fr\/wp-json\/wp\/v2\/users\/2"}],"replies":[{"embeddable":true,"href":"https:\/\/www.europesays.com\/fr\/wp-json\/wp\/v2\/comments?post=240353"}],"version-history":[{"count":0,"href":"https:\/\/www.europesays.com\/fr\/wp-json\/wp\/v2\/posts\/240353\/revisions"}],"wp:featuredmedia":[{"embeddable":true,"href":"https:\/\/www.europesays.com\/fr\/wp-json\/wp\/v2\/media\/240354"}],"wp:attachment":[{"href":"https:\/\/www.europesays.com\/fr\/wp-json\/wp\/v2\/media?parent=240353"}],"wp:term":[{"taxonomy":"category","embeddable":true,"href":"https:\/\/www.europesays.com\/fr\/wp-json\/wp\/v2\/categories?post=240353"},{"taxonomy":"post_tag","embeddable":true,"href":"https:\/\/www.europesays.com\/fr\/wp-json\/wp\/v2\/tags?post=240353"}],"curies":[{"name":"wp","href":"https:\/\/api.w.org\/{rel}","templated":true}]}}