{"id":240363,"date":"2025-07-10T15:49:16","date_gmt":"2025-07-10T15:49:16","guid":{"rendered":"https:\/\/www.europesays.com\/fr\/240363\/"},"modified":"2025-07-10T15:49:16","modified_gmt":"2025-07-10T15:49:16","slug":"separation-et-divorce-en-ile-de-france-les-couples-modestes-plus-concernes-et-les-femmes-plus-impactees","status":"publish","type":"post","link":"https:\/\/www.europesays.com\/fr\/240363\/","title":{"rendered":"S\u00e9paration et divorce en \u00cele-de-France\u00a0: les couples modestes plus concern\u00e9s et les femmes plus impact\u00e9es"},"content":{"rendered":"<p class=\"paragraph text_align_left lp-f-body-02\">Les chiffres sont \u00e9difiants. Dans la r\u00e9gion, 3,1 % des couples les plus modestes (ceux qui gagnent moins de 17 100 euros par an et par personne) se s\u00e9parent chaque ann\u00e9e. Un taux qui grimpe m\u00eame \u00e0 3,3 % pour la cat\u00e9gorie juste au-dessus (revenus entre 17 100 et 24 000 euros), contre seulement 1,9 % pour les individus les plus fortun\u00e9s. \u00ab Pr\u00e8s de la moiti\u00e9 des s\u00e9parations concernent les individus modestes et les plus modestes, contre un septi\u00e8me pour les plus ais\u00e9s \u00bb, souligne l\u2019\u00e9tude.<\/p>\n","protected":false},"excerpt":{"rendered":"Les chiffres sont \u00e9difiants. Dans la r\u00e9gion, 3,1 % des couples les plus modestes (ceux qui gagnent moins&hellip;\n","protected":false},"author":2,"featured_media":240364,"comment_status":"","ping_status":"","sticky":false,"template":"","format":"standard","meta":{"footnotes":""},"categories":[1592],"tags":[1111,11,1777,674,1011,27,662,1944,12,626,25],"class_list":{"0":"post-240363","1":"post","2":"type-post","3":"status-publish","4":"format-standard","5":"has-post-thumbnail","7":"category-ile-de-france","8":"tag-actu","9":"tag-actualites","10":"tag-eu","11":"tag-europe","12":"tag-fr","13":"tag-france","14":"tag-ile-de-france","15":"tag-ma-ville","16":"tag-news","17":"tag-paris","18":"tag-republique-francaise"},"share_on_mastodon":{"url":"https:\/\/pubeurope.com\/@fr\/114829732303171516","error":""},"_links":{"self":[{"href":"https:\/\/www.europesays.com\/fr\/wp-json\/wp\/v2\/posts\/240363","targetHints":{"allow":["GET"]}}],"collection":[{"href":"https:\/\/www.europesays.com\/fr\/wp-json\/wp\/v2\/posts"}],"about":[{"href":"https:\/\/www.europesays.com\/fr\/wp-json\/wp\/v2\/types\/post"}],"author":[{"embeddable":true,"href":"https:\/\/www.europesays.com\/fr\/wp-json\/wp\/v2\/users\/2"}],"replies":[{"embeddable":true,"href":"https:\/\/www.europesays.com\/fr\/wp-json\/wp\/v2\/comments?post=240363"}],"version-history":[{"count":0,"href":"https:\/\/www.europesays.com\/fr\/wp-json\/wp\/v2\/posts\/240363\/revisions"}],"wp:featuredmedia":[{"embeddable":true,"href":"https:\/\/www.europesays.com\/fr\/wp-json\/wp\/v2\/media\/240364"}],"wp:attachment":[{"href":"https:\/\/www.europesays.com\/fr\/wp-json\/wp\/v2\/media?parent=240363"}],"wp:term":[{"taxonomy":"category","embeddable":true,"href":"https:\/\/www.europesays.com\/fr\/wp-json\/wp\/v2\/categories?post=240363"},{"taxonomy":"post_tag","embeddable":true,"href":"https:\/\/www.europesays.com\/fr\/wp-json\/wp\/v2\/tags?post=240363"}],"curies":[{"name":"wp","href":"https:\/\/api.w.org\/{rel}","templated":true}]}}