{"id":240365,"date":"2025-07-10T15:50:11","date_gmt":"2025-07-10T15:50:11","guid":{"rendered":"https:\/\/www.europesays.com\/fr\/240365\/"},"modified":"2025-07-10T15:50:11","modified_gmt":"2025-07-10T15:50:11","slug":"les-15-restaurants-de-lete-2025-a-paris","status":"publish","type":"post","link":"https:\/\/www.europesays.com\/fr\/240365\/","title":{"rendered":"Les 15 restaurants de l\u2019\u00e9t\u00e9 2025 \u00e0 Paris"},"content":{"rendered":"<p><strong>LA S\u00c9LECTION DU FIGARO &#8211;<\/strong> Bistrot dans un jardin de mus\u00e9e, brasserie au vert ou au fil de l\u2019eau, repaire nippon, ib\u00e8re ou cor\u00e9en\u2026 Les meilleures nouveaut\u00e9s \u00e0 fr\u00e9quenter, en juillet et en ao\u00fbt, dans la capitale.<\/p>\n<p class=\"fig-paragraph\">Elles n\u2019ont que quelques mois, parfois \u00e0 peine une quinzaine de jours, et s\u2019appr\u00eatent \u00e0 vivre leur premier \u00e9t\u00e9 dans la capitale. D\u2019une rive l\u2019autre, dans les quartiers \u00e9lus ou plus inattendus, quinze adresses de temp\u00e9rament qui, chacune \u00e0 leur mani\u00e8re, installent un sacr\u00e9 banquet parisien o\u00f9 croisent bistrots bien sentis, brasseries l\u00e9g\u00e8res,\u00a0<a href=\"https:\/\/www.lefigaro.fr\/gastronomie\/huit-guinguettes-et-restaurants-au-bord-de-l-eau-a-paris-et-alentour-20240620\" data-fig-type=\"Article\" data-gtm-custom-categorie=\"navigation\" data-gtm-custom-action=\"crossclick\" data-gtm-custom-label=\"Contextuel\" data-gtm-event=\"customEventSPE\" data-fig-domain=\"LEFIGARO\" target=\"_blank\" rel=\"noopener\">guinguettes<\/a>\u00a0plein air, tables d\u2019ici, d\u2019ailleurs, intimistes ou festives. Les app\u00e9tits divers et vari\u00e9s s\u2019y retrouveront car toutes sont sinc\u00e8res \u00e0 partager le go\u00fbt des beaux jours.<\/p>\n<p>Meilleure movida: Casa Pregonda<\/p>\n<p class=\"fig-paragraph\">Surgie in extremis au d\u00e9dale de Montorgueil, l\u2019une des plus chouettes effractions de cette fin de saison o\u00f9 l\u2019on d\u00e9couvre un\u00a0<a href=\"https:\/\/www.lefigaro.fr\/gastronomie\/2018\/09\/07\/30005-20180907ARTFIG00009-alexandre-giesbert-pour-entreprendre-il-faut-avoir-le-gout-du-defi-et-aimer-regler-les-problemes.php\" data-fig-type=\"Article\" data-gtm-custom-categorie=\"navigation\" data-gtm-custom-action=\"crossclick\" data-gtm-custom-label=\"Contextuel\" data-gtm-event=\"customEventSPE\" data-fig-domain=\"LEFIGARO\" target=\"_blank\" rel=\"noopener\">Alexandre Giesbert<\/a>\u00a0qui, sans l\u00e2cher son Daroco (2e), reprend les fourneaux dans l\u2019audace de prouver qu\u2019un Titi de Paris est parfaitement soluble dans la taverne ib\u00e8re. Celle-l\u00e0 haute de plafond, laissant grimper les carrelages, courir le comptoir, sortir les nappes et les bougies pour mieux accueillir sacr\u00e9e voltige de tapas (craquant pan con tomate\u2026<\/p>\n<p class=\"fig-premium-paywall__infos\">\n        Cet article est r\u00e9serv\u00e9 aux abonn\u00e9s.        Il vous reste 94% \u00e0 d\u00e9couvrir.\n    <\/p>\n<p>                <img  data- alt=\"Le Figaro\" class=\"fig-img--complete fig-img\"\/><\/p>\n<p class=\"fig-premium-paywall__title\">Vous avez envie de lire la suite ?<\/p>\n<p class=\"fig-premium-paywall__subtitle\">D\u00e9bloquez tous les articles imm\u00e9diatement.<\/p>\n<p class=\"fig-premium-paywall__connect\">\n                D\u00e9j\u00e0 abonn\u00e9\u00a0?                <a class=\"fig-premium-paywall__connect-link\" href=\"https:\/\/connect.lefigaro.fr\/login?client=horizon_web&amp;type=main&amp;redirect_uri=https%3A%2F%2Fwww.lefigaro.fr%2Fgastronomie%2Fles-15-restaurants-de-l-ete-2025-a-paris-20250710\" data-js-gtm=\"{&quot;customCategorie&quot;: &quot;conversion&quot;, &quot;customAction&quot;: &quot;before_Landing_Connexion_paywall_auto&quot;, &quot;customLabel&quot;: &quot;bGVmaWdhcm8uZnJfXzFmMDVjODRiLTMwNTktNjZlYy04MzQwLWM1NjFmYzIwMmE3Ml9fQXJ0aWNsZQ==_Les 15 restaurants de l\u2019\u00e9t\u00e9 2025 \u00e0 Paris_476&quot;, &quot;customIDSPE&quot;: &quot;bGVmaWdhcm8uZnJfXzFmMDVjODRiLTMwNTktNjZlYy04MzQwLWM1NjFmYzIwMmE3Ml9fQXJ0aWNsZQ==&quot;, &quot;event&quot;: &quot;customEventSPE&quot;}\" target=\"_blank\" rel=\"noopener\"><br \/>\n                    Connectez-vous<br \/>\n                <\/a>\n            <\/p>\n","protected":false},"excerpt":{"rendered":"LA S\u00c9LECTION DU FIGARO &#8211; Bistrot dans un jardin de mus\u00e9e, brasserie au vert ou au fil de&hellip;\n","protected":false},"author":2,"featured_media":240366,"comment_status":"","ping_status":"","sticky":false,"template":"","format":"standard","meta":{"footnotes":""},"categories":[1888],"tags":[1111,1928,11,1927,1777,674,1011,27,12,1926,626,1925,25,2923,2068],"class_list":{"0":"post-240365","1":"post","2":"type-post","3":"status-publish","4":"format-standard","5":"has-post-thumbnail","7":"category-paris","8":"tag-actu","9":"tag-actu-paris","10":"tag-actualites","11":"tag-actualites-paris","12":"tag-eu","13":"tag-europe","14":"tag-fr","15":"tag-france","16":"tag-news","17":"tag-news-paris","18":"tag-paris","19":"tag-paris-news","20":"tag-republique-francaise","21":"tag-restaurants","22":"tag-sortir-a-paris"},"share_on_mastodon":{"url":"https:\/\/pubeurope.com\/@fr\/114829736278522357","error":""},"_links":{"self":[{"href":"https:\/\/www.europesays.com\/fr\/wp-json\/wp\/v2\/posts\/240365","targetHints":{"allow":["GET"]}}],"collection":[{"href":"https:\/\/www.europesays.com\/fr\/wp-json\/wp\/v2\/posts"}],"about":[{"href":"https:\/\/www.europesays.com\/fr\/wp-json\/wp\/v2\/types\/post"}],"author":[{"embeddable":true,"href":"https:\/\/www.europesays.com\/fr\/wp-json\/wp\/v2\/users\/2"}],"replies":[{"embeddable":true,"href":"https:\/\/www.europesays.com\/fr\/wp-json\/wp\/v2\/comments?post=240365"}],"version-history":[{"count":0,"href":"https:\/\/www.europesays.com\/fr\/wp-json\/wp\/v2\/posts\/240365\/revisions"}],"wp:featuredmedia":[{"embeddable":true,"href":"https:\/\/www.europesays.com\/fr\/wp-json\/wp\/v2\/media\/240366"}],"wp:attachment":[{"href":"https:\/\/www.europesays.com\/fr\/wp-json\/wp\/v2\/media?parent=240365"}],"wp:term":[{"taxonomy":"category","embeddable":true,"href":"https:\/\/www.europesays.com\/fr\/wp-json\/wp\/v2\/categories?post=240365"},{"taxonomy":"post_tag","embeddable":true,"href":"https:\/\/www.europesays.com\/fr\/wp-json\/wp\/v2\/tags?post=240365"}],"curies":[{"name":"wp","href":"https:\/\/api.w.org\/{rel}","templated":true}]}}