{"id":240369,"date":"2025-07-10T15:52:08","date_gmt":"2025-07-10T15:52:08","guid":{"rendered":"https:\/\/www.europesays.com\/fr\/240369\/"},"modified":"2025-07-10T15:52:08","modified_gmt":"2025-07-10T15:52:08","slug":"trois-policiers-de-la-brav-m-condamnes-pour-violences-et-menaces-lors-dune-manifestation-a-paris","status":"publish","type":"post","link":"https:\/\/www.europesays.com\/fr\/240369\/","title":{"rendered":"Trois policiers de la Brav-M condamn\u00e9s pour violences et menaces lors d&rsquo;une manifestation \u00e0 Paris"},"content":{"rendered":"<p>            Par<br \/>\n        <strong><br \/>\n            <a href=\"https:\/\/actu.fr\/auteur\/redaction-paris\" title=\"Consulter tous les articles de R\u00e9daction Paris\" rel=\"nofollow noopener\" target=\"_blank\">R\u00e9daction Paris<\/a><br \/>\n        <\/strong><\/p>\n<p>        Publi\u00e9 le<\/p>\n<p>            10 juil. 2025 \u00e0 17h40        <\/p>\n<p>Nouvelles condamnations de <a href=\"https:\/\/actu.fr\/tag\/violences-policieres\" rel=\"nofollow noopener\" target=\"_blank\">violences polici\u00e8res<\/a>. Trois agents de la Brav-M ont \u00e9t\u00e9 condamn\u00e9s, ce jeudi 10\u00a0juillet 2025, pour <a href=\"https:\/\/actu.fr\/ile-de-france\/paris_75056\/un-policier-de-la-brav-m-juge-coupable-de-violence-lors-d-une-manifestation-du-1er-mai-a-paris_62665553.html\" rel=\"nofollow noopener\" target=\"_blank\">violences en marge d\u2019une manifestation<\/a> \u00e0 Paris en 2023. Apr\u00e8s avoir <a href=\"https:\/\/actu.fr\/ile-de-france\/paris_75056\/manifestants-menaces-par-des-policiers-de-la-brav-m-a-paris-l-igpn-va-demander-des-sanctions_59081442.html\" rel=\"nofollow noopener\" target=\"_blank\">interpell\u00e9 un jeune homme<\/a> qui \u00e9tait assis, dos au mur, ils lui avaient <strong>assen\u00e9 deux gifles<\/strong> avant de le menacer de lui casser les jambes ou de venir le retrouver dans son quartier.<\/p>\n<p>Des violences enregistr\u00e9es<\/p>\n<p class=\" wall-content\">Plus s\u00e9v\u00e8res que les r\u00e9quisitions, les peines inflig\u00e9es par le <a href=\"https:\/\/actu.fr\/tag\/tribunal-de-bobigny\" rel=\"nofollow noopener\" target=\"_blank\">tribunal correctionnel de Bobigny<\/a>, jusqu\u2019\u00e0 un <strong>an de prison avec sursis<\/strong>, sont assorties d\u2019interdictions temporaires d\u2019exercer.<\/p>\n<p class=\" wall-content\">Les faits remontent au 20\u00a0mars 2023, une nuit durant laquelle Paris \u00e9tait le th\u00e9\u00e2tre d\u2019un cort\u00e8ge sauvage, en marge du mouvement de contestation contre la <a href=\"https:\/\/actu.fr\/tag\/reforme-des-retraites\" rel=\"nofollow noopener\" target=\"_blank\">r\u00e9forme des retraites<\/a>. Ce soir-l\u00e0, <strong>sept jeunes<\/strong>, soup\u00e7onn\u00e9s d\u2019avoir pris part \u00e0 des d\u00e9gradations, sont interpell\u00e9s par une brigade de la r\u00e9pression de l\u2019action violente motoris\u00e9e (Brav-M).<\/p>\n<p class=\" wall-content\">L\u2019un d\u2019eux lance alors discr\u00e8tement un <strong>enregistrement des \u00e9changes<\/strong> avec les policiers.\u00a0Le document audio \u2013 dont des extraits diffus\u00e9s dans les m\u00e9dias trois jours apr\u00e8s les faits avaient suscit\u00e9 un \u00e9moi jusqu\u2019au <a href=\"https:\/\/actu.fr\/tag\/laurent-nunez\" rel=\"nofollow noopener\" target=\"_blank\">pr\u00e9fet de police de Paris<\/a> \u2013 a permis \u00e0 la justice \u00ab\u2009d\u2019appr\u00e9cier individuellement, au cas par cas, la responsabilit\u00e9 de chacun des fonctionnaires de police\u2009\u00bb, a pr\u00e9cis\u00e9 le pr\u00e9sident du tribunal Youssef Badr avant d\u2019annoncer les condamnations.<\/p>\n<p class=\" wall-content\">Le mois dernier \u00e0 Bobigny, dix agents de la brigade de r\u00e9pression de l\u2019action violente motoris\u00e9e (Brav-M) ont \u00e9t\u00e9 jug\u00e9s.\u00a0Deux avaient \u00e9t\u00e9 renvoy\u00e9s devant la justice par le parquet et huit autres policiers de la brigade ont comparu devant le tribunal sur demande de <strong>Souleyman Adoum Souleyman<\/strong> et d\u2019une autre \u00e9tudiante, arr\u00eat\u00e9e dans le m\u00eame coin de rue que lui \u00e0 Paris, via le m\u00e9canisme de citation directe. Sept d\u2019entre eux ont \u00e9t\u00e9 relax\u00e9s jeudi.<\/p>\n<p>Vid\u00e9os : en ce moment sur Actu\u00ab\u2009Tu vas monter dans un autre truc qu\u2019on appelle ambulance pour aller \u00e0 l\u2019h\u00f4pital\u2009\u00bb<\/p>\n<p class=\" wall-content\">La peine la plus lourde a \u00e9t\u00e9 prononc\u00e9e contre le policier qui a, par deux fois, <strong>frapp\u00e9 le jeune Tchadien au visage<\/strong> alors que, souligne Youssef Badr, \u00ab\u2009M. Souleyman est d\u00e9j\u00e0 assis au sol lorsque les coups ont \u00e9t\u00e9 port\u00e9s [\u2026] et il n\u2019a jamais \u00e9t\u00e9 insolent, ni d\u00e9sinvolte et encore moins insultant.\u2009\u00bb<\/p>\n<p class=\" wall-content\">Cet agent de la Brav-M a \u00e9t\u00e9 condamn\u00e9 ce jeudi 10\u00a0juillet 2025 \u00e0 un an de prison avec sursis, deux ans <strong>d\u2019interdiction d\u2019exercer la profession<\/strong> de policier et \u00e0 une amende de 450\u00a0euros. \u00c0 l\u2019issue de deux journ\u00e9es d\u2019audience, le parquet n\u2019avait requis contre lui qu\u2019une peine de quatre mois de prison avec sursis et une interdiction d\u2019exercer pendant un an.<\/p>\n<p class=\" wall-content\">\u00ab\u2009Toi, <strong>je t\u2019aurais bien p\u00e9t\u00e9 les jambes<\/strong> [\u2026]. La prochaine fois qu\u2019on vient, tu monteras pas dans le car pour aller au commissariat, tu vas monter dans un autre truc qu\u2019on appelle ambulance pour aller \u00e0 l\u2019h\u00f4pital\u2009\u00bb, avait lanc\u00e9 un agent \u00e0 Souleyman Adoum Souleyman, l\u2019\u00e9tudiant qui a toujours ni\u00e9 avoir \u00e9t\u00e9 un manifestant ce soir-l\u00e0.<\/p>\n<p>\u00ab\u2009Vous n\u2019\u00eates pas au-dessus des lois\u2009\u00bb<\/p>\n<p class=\" wall-content\">Le tribunal a condamn\u00e9 ce policier \u00e0 <strong>huit mois de prison avec sursis<\/strong>, \u00e0 une interdiction d\u2019exercer pendant un an et \u00e0 450\u00a0euros d\u2019amende. Ces propos \u00ab\u2009en aucun cas justifi\u00e9s\u2009\u00bb, a soulign\u00e9 le pr\u00e9sident Youssef Badr, constituent \u00ab\u2009une violence verbale capable de susciter un choc psychologique\u2009\u00bb. Contre cet agent de la Brav-M, le parquet n\u2019avait retenu qu\u2019une peine contractuelle d\u2019amende de 450\u00a0euros.<\/p>\n<p class=\" wall-content\">Pour avoir \u00e9galement tenu des menaces constituant des violences verbales, un troisi\u00e8me policier a \u00e9t\u00e9 reconnu coupable et condamn\u00e9 \u00e0 <strong>2\u2009000\u00a0euros d\u2019amende<\/strong>.\u00a0Aux hommes align\u00e9s devant lui, Youssef Badr a tenu \u00e0 signaler que ces peines \u00ab\u2009sont juste l\u00e0 pour vous rappeler que vous n\u2019\u00eates pas au-dessus des lois\u2009\u00bb.<\/p>\n<p class=\" wall-content\">Satisfait, <a href=\"https:\/\/actu.fr\/ile-de-france\/paris_75056\/arrestation-de-souleyman-laurent-nunez-porte-plainte-pour-diffamation-contre-l-avocat-arie-alimi_59029214.html\" rel=\"nofollow noopener\" target=\"_blank\">Me Ari\u00e9 Alimi<\/a>, conseil des deux \u00e9tudiants s\u2019\u00e9tant constitu\u00e9s parties civiles, note que \u00ab\u2009les condamnations contre <strong>la Brav-M<\/strong> se multiplient\u2009\u00bb.<\/p>\n<p class=\" wall-content\">\u00ab\u2009Cette unit\u00e9, continuit\u00e9 des voltigeurs qui ont tu\u00e9 Malik Oussekine en 1986, <strong>doit dispara\u00eetre<\/strong> du maintien de l\u2019ordre\u2009\u00bb, a r\u00e9agi l\u2019avocat aupr\u00e8s de l\u2019AFP. En sortant de la salle d\u2019audience, Me Chlo\u00e9 Saynac, repr\u00e9sentant la Ligue des Droits de l\u2019Homme, a estim\u00e9 que \u00ab\u2009ce qui est important dans ces dossiers, c\u2019est qu\u2019il y ait des interdictions d\u2019exercer\u2009\u00bb, d\u00e9plorant le sursis appliqu\u00e9 aux peines de prison, qui \u00ab\u2009restent donc relativement indolores\u2009\u00bb.<\/p>\n<p class=\" wall-content\">Avec AFP.<\/p>\n<p class=\" wall-content\">Suivez toute l\u2019actualit\u00e9 de vos villes et m\u00e9dias favoris en vous inscrivant \u00e0 <a href=\"https:\/\/moncompte.actu.fr\" title=\"D\u00e9couvez Mon Actu\" rel=\"nofollow noopener\" data-trk=\"{&quot;cta&quot;:{&quot;action&quot;:&quot;https:\\\/\\\/moncompte.actu.fr&quot;,&quot;category&quot;:&quot;mon compte&quot;,&quot;from&quot;:&quot;article footer&quot;,&quot;name&quot;:&quot;Mon actu&quot;,&quot;type&quot;:&quot;cta&quot;}}\" target=\"_blank\">Mon Actu<\/a>.<\/p>\n","protected":false},"excerpt":{"rendered":"Par R\u00e9daction Paris Publi\u00e9 le 10 juil. 2025 \u00e0 17h40 Nouvelles condamnations de violences polici\u00e8res. Trois agents de&hellip;\n","protected":false},"author":2,"featured_media":116679,"comment_status":"","ping_status":"","sticky":false,"template":"","format":"standard","meta":{"footnotes":""},"categories":[1888],"tags":[11,1777,674,118,1011,27,1272,12,626,1072,25,7374],"class_list":{"0":"post-240369","1":"post","2":"type-post","3":"status-publish","4":"format-standard","5":"has-post-thumbnail","7":"category-paris","8":"tag-actualites","9":"tag-eu","10":"tag-europe","11":"tag-faits-divers","12":"tag-fr","13":"tag-france","14":"tag-manifestations","15":"tag-news","16":"tag-paris","17":"tag-police","18":"tag-republique-francaise","19":"tag-violences-policieres"},"share_on_mastodon":{"url":"https:\/\/pubeurope.com\/@fr\/114829744109501965","error":""},"_links":{"self":[{"href":"https:\/\/www.europesays.com\/fr\/wp-json\/wp\/v2\/posts\/240369","targetHints":{"allow":["GET"]}}],"collection":[{"href":"https:\/\/www.europesays.com\/fr\/wp-json\/wp\/v2\/posts"}],"about":[{"href":"https:\/\/www.europesays.com\/fr\/wp-json\/wp\/v2\/types\/post"}],"author":[{"embeddable":true,"href":"https:\/\/www.europesays.com\/fr\/wp-json\/wp\/v2\/users\/2"}],"replies":[{"embeddable":true,"href":"https:\/\/www.europesays.com\/fr\/wp-json\/wp\/v2\/comments?post=240369"}],"version-history":[{"count":0,"href":"https:\/\/www.europesays.com\/fr\/wp-json\/wp\/v2\/posts\/240369\/revisions"}],"wp:featuredmedia":[{"embeddable":true,"href":"https:\/\/www.europesays.com\/fr\/wp-json\/wp\/v2\/media\/116679"}],"wp:attachment":[{"href":"https:\/\/www.europesays.com\/fr\/wp-json\/wp\/v2\/media?parent=240369"}],"wp:term":[{"taxonomy":"category","embeddable":true,"href":"https:\/\/www.europesays.com\/fr\/wp-json\/wp\/v2\/categories?post=240369"},{"taxonomy":"post_tag","embeddable":true,"href":"https:\/\/www.europesays.com\/fr\/wp-json\/wp\/v2\/tags?post=240369"}],"curies":[{"name":"wp","href":"https:\/\/api.w.org\/{rel}","templated":true}]}}