{"id":240370,"date":"2025-07-10T15:53:10","date_gmt":"2025-07-10T15:53:10","guid":{"rendered":"https:\/\/www.europesays.com\/fr\/240370\/"},"modified":"2025-07-10T15:53:10","modified_gmt":"2025-07-10T15:53:10","slug":"paris-bob-dylan-annonce-deux-concerts-au-palais-des-congres-les-30-et-31-octobre","status":"publish","type":"post","link":"https:\/\/www.europesays.com\/fr\/240370\/","title":{"rendered":"Paris. Bob Dylan annonce deux concerts au Palais des Congr\u00e8s les 30 et 31 octobre"},"content":{"rendered":"<p>La l\u00e9gende du folk <a href=\"https:\/\/www.ledauphine.com\/p\/bob-dylan\" target=\"_blank\" rel=\"nofollow noopener\">Bob Dylan<\/a> se produira sur la sc\u00e8ne du Palais des Congr\u00e8s de Paris les 30 et 31 octobre. Actuellement en tourn\u00e9e d&rsquo;\u00e9t\u00e9 aux \u00c9tats-Unis, l&rsquo;artiste de 84 ans sera de retour en France pour ces deux dates uniques, dont les billets seront en vente publique \u00e0 partir du 18 juillet.<\/p>\n<p>Apparu sur la sc\u00e8ne new-yorkaise au d\u00e9but des ann\u00e9es 1960, le chanteur am\u00e9ricain a vendu depuis plus de 125 millions d&rsquo;albums \u00e0 travers le monde.\u00a0<\/p>\n<p>Laur\u00e9at du prix Nobel de litt\u00e9rature en 2016 pour \u00ab avoir cr\u00e9\u00e9 de nouvelles expression po\u00e9tiques dans la grande tradition am\u00e9ricaine de la chanson \u00bb, Robert Allen Zimmerman, de son vrai nom, est consid\u00e9r\u00e9 comme l&rsquo;un des plus grands chanteur-compositeur de tous les temps. Parmi ses plus c\u00e9l\u00e8bres chansons figurent Blowin&rsquo; in the Wind, The Times They Are a-Changin&rsquo;, ou encore Like A Rolling Stone.<\/p>\n","protected":false},"excerpt":{"rendered":"La l\u00e9gende du folk Bob Dylan se produira sur la sc\u00e8ne du Palais des Congr\u00e8s de Paris les&hellip;\n","protected":false},"author":2,"featured_media":240371,"comment_status":"","ping_status":"","sticky":false,"template":"","format":"standard","meta":{"footnotes":""},"categories":[1888],"tags":[11,1687,1777,674,107,1011,27,329,873,12,626,25],"class_list":{"0":"post-240370","1":"post","2":"type-post","3":"status-publish","4":"format-standard","5":"has-post-thumbnail","7":"category-paris","8":"tag-actualites","9":"tag-culture-loisirs","10":"tag-eu","11":"tag-europe","12":"tag-fil-info","13":"tag-fr","14":"tag-france","15":"tag-france-monde","16":"tag-musique","17":"tag-news","18":"tag-paris","19":"tag-republique-francaise"},"share_on_mastodon":{"url":"https:\/\/pubeurope.com\/@fr\/114829748049151498","error":""},"_links":{"self":[{"href":"https:\/\/www.europesays.com\/fr\/wp-json\/wp\/v2\/posts\/240370","targetHints":{"allow":["GET"]}}],"collection":[{"href":"https:\/\/www.europesays.com\/fr\/wp-json\/wp\/v2\/posts"}],"about":[{"href":"https:\/\/www.europesays.com\/fr\/wp-json\/wp\/v2\/types\/post"}],"author":[{"embeddable":true,"href":"https:\/\/www.europesays.com\/fr\/wp-json\/wp\/v2\/users\/2"}],"replies":[{"embeddable":true,"href":"https:\/\/www.europesays.com\/fr\/wp-json\/wp\/v2\/comments?post=240370"}],"version-history":[{"count":0,"href":"https:\/\/www.europesays.com\/fr\/wp-json\/wp\/v2\/posts\/240370\/revisions"}],"wp:featuredmedia":[{"embeddable":true,"href":"https:\/\/www.europesays.com\/fr\/wp-json\/wp\/v2\/media\/240371"}],"wp:attachment":[{"href":"https:\/\/www.europesays.com\/fr\/wp-json\/wp\/v2\/media?parent=240370"}],"wp:term":[{"taxonomy":"category","embeddable":true,"href":"https:\/\/www.europesays.com\/fr\/wp-json\/wp\/v2\/categories?post=240370"},{"taxonomy":"post_tag","embeddable":true,"href":"https:\/\/www.europesays.com\/fr\/wp-json\/wp\/v2\/tags?post=240370"}],"curies":[{"name":"wp","href":"https:\/\/api.w.org\/{rel}","templated":true}]}}