{"id":240374,"date":"2025-07-10T15:55:09","date_gmt":"2025-07-10T15:55:09","guid":{"rendered":"https:\/\/www.europesays.com\/fr\/240374\/"},"modified":"2025-07-10T15:55:09","modified_gmt":"2025-07-10T15:55:09","slug":"deux-chinois-sinteressant-au-missile-ukrainien-neptune-inculpes-pour-espionnage","status":"publish","type":"post","link":"https:\/\/www.europesays.com\/fr\/240374\/","title":{"rendered":"Deux Chinois, s\u2019int\u00e9ressant au missile ukrainien Neptune, inculp\u00e9s pour espionnage"},"content":{"rendered":"\n<p>L\u2019un serait \u201cun ancien \u00e9tudiant de 24\u00a0ans, inscrit dans un \u00e9tablissement sup\u00e9rieur de la capitale, o\u00f9 il serait rest\u00e9 en d\u00e9pit de son \u00e9chec \u00e0 l\u2019universit\u00e9, dont il a \u00e9t\u00e9 exclu en 2023\u201d, <a class=\"ithalc\" data-ithal=\"lien_externe\" data-ithalc=\"[nav_article]\" target=\"_blank\" href=\"https:\/\/kyiv.tsn.ua\/kyiv\/sbu-zatrymala-kytayskykh-shpyhuniv-iaku-informatsiiu-vony-zbyraly-2866331.html\" rel=\"nofollow noopener\">d\u00e9crit le site de l\u2019\u00e9mission d\u2019information <strong>TSN<\/strong><\/a><strong>.<\/strong> L\u2019autre serait\u2026 son p\u00e8re.<\/p>\n<p>D\u00e8s le 26\u00a0juin, <a class=\"ithalc\" data-ithal=\"lien_externe\" data-ithalc=\"[nav_article]\" target=\"_blank\" href=\"https:\/\/gazeta.ua\/articles\/np\/_spiguni-z-kitayu-zbirali-sekretni-tehnologiyi-virobnictva-raket-neptun\/1223689\" rel=\"nofollow noopener\">rapporte le quotidien <strong>Gazeta<\/strong><\/a><strong>,<\/strong> \u201cle bureau du procureur de Kiev a \u00e9t\u00e9 inform\u00e9 par le SBU [le service de la s\u00e9curit\u00e9 int\u00e9rieure ukrainien] que des soup\u00e7ons d\u2019espionnage pesaient sur un citoyen de la r\u00e9publique populaire de Chine\u201d. Les services ukrainiens ont identifi\u00e9 l\u2019espion et \u201cl\u2019ont pris la main dans le sac, alors qu\u2019on lui transmettait des documents confidentiels\u201d, <a class=\"ithalc\" data-ithal=\"lien_externe\" data-ithalc=\"[nav_article]\" target=\"_blank\" href=\"https:\/\/militarnyi.com\/uk\/news\/u-kyyevi-zatrymaly-kytajskyh-shpyguniv-yaki-zbyraly-sekrety-raket-neptun\/\" rel=\"nofollow noopener\">\u00e9crit <\/a><a class=\"ithalc\" data-ithal=\"lien_externe\" data-ithalc=\"[nav_article]\" target=\"_blank\" href=\"https:\/\/militarnyi.com\/uk\/news\/u-kyyevi-zatrymaly-kytajskyh-shpyguniv-yaki-zbyraly-sekrety-raket-neptun\/\" rel=\"nofollow noopener\"><strong>Militarnyi<\/strong><\/a><strong>,<\/strong> site sp\u00e9cialis\u00e9 dans les questions de d\u00e9fense.<\/p>\n<p>Dans le cadre de l\u2019enqu\u00eate, il a \u00e9t\u00e9 r\u00e9v\u00e9l\u00e9 que l\u2019ancien \u00e9tudiant aurait eu pour officier traitant son propre p\u00e8re, \u201cqui entretient des relations \u00e9troites avec les organes de s\u00e9curit\u00e9 et l\u2019\u00e9tat-major militaire chinois\u201d, explique Gazeta. TSN pr\u00e9cise\u00a0:<\/p>\n<blockquote><p>\u201cLe p\u00e8re, qui r\u00e9side en Chine, venait p\u00e9riodiquement en Ukraine pour coordonner en personne le travail d\u2019agent de son fils.\u201d<\/p><\/blockquote>\n<p>\u201cArriv\u00e9 sur le territoire ukrainien le 7\u00a0juillet, le lendemain, le p\u00e8re s\u2019est rendu \u00e0 l\u2019ambassade de la R\u00e9publique populaire de Chine \u00e0 Kiev.\u00a0Le 9\u00a0juillet, il a \u00e9t\u00e9 interpell\u00e9 lui aussi\u201d, ajoute Gazeta.<\/p>\n<p>Les deux <\/p>\n","protected":false},"excerpt":{"rendered":"L\u2019un serait \u201cun ancien \u00e9tudiant de 24\u00a0ans, inscrit dans un \u00e9tablissement sup\u00e9rieur de la capitale, o\u00f9 il serait&hellip;\n","protected":false},"author":2,"featured_media":240375,"comment_status":"","ping_status":"","sticky":false,"template":"","format":"standard","meta":{"footnotes":""},"categories":[1590],"tags":[11,6060,309,4777,1777,674,1892,131,12,220],"class_list":{"0":"post-240374","1":"post","2":"type-post","3":"status-publish","4":"format-standard","5":"has-post-thumbnail","7":"category-ukraine","8":"tag-actualites","9":"tag-asie","10":"tag-chine","11":"tag-espionnage","12":"tag-eu","13":"tag-europe","14":"tag-gu00e9opolitique","15":"tag-guerre-en-ukraine","16":"tag-news","17":"tag-ukraine"},"share_on_mastodon":{"url":"https:\/\/pubeurope.com\/@fr\/114829755909760750","error":""},"_links":{"self":[{"href":"https:\/\/www.europesays.com\/fr\/wp-json\/wp\/v2\/posts\/240374","targetHints":{"allow":["GET"]}}],"collection":[{"href":"https:\/\/www.europesays.com\/fr\/wp-json\/wp\/v2\/posts"}],"about":[{"href":"https:\/\/www.europesays.com\/fr\/wp-json\/wp\/v2\/types\/post"}],"author":[{"embeddable":true,"href":"https:\/\/www.europesays.com\/fr\/wp-json\/wp\/v2\/users\/2"}],"replies":[{"embeddable":true,"href":"https:\/\/www.europesays.com\/fr\/wp-json\/wp\/v2\/comments?post=240374"}],"version-history":[{"count":0,"href":"https:\/\/www.europesays.com\/fr\/wp-json\/wp\/v2\/posts\/240374\/revisions"}],"wp:featuredmedia":[{"embeddable":true,"href":"https:\/\/www.europesays.com\/fr\/wp-json\/wp\/v2\/media\/240375"}],"wp:attachment":[{"href":"https:\/\/www.europesays.com\/fr\/wp-json\/wp\/v2\/media?parent=240374"}],"wp:term":[{"taxonomy":"category","embeddable":true,"href":"https:\/\/www.europesays.com\/fr\/wp-json\/wp\/v2\/categories?post=240374"},{"taxonomy":"post_tag","embeddable":true,"href":"https:\/\/www.europesays.com\/fr\/wp-json\/wp\/v2\/tags?post=240374"}],"curies":[{"name":"wp","href":"https:\/\/api.w.org\/{rel}","templated":true}]}}