{"id":240376,"date":"2025-07-10T15:56:20","date_gmt":"2025-07-10T15:56:20","guid":{"rendered":"https:\/\/www.europesays.com\/fr\/240376\/"},"modified":"2025-07-10T15:56:20","modified_gmt":"2025-07-10T15:56:20","slug":"les-demandes-dallocations-chomage-aux-etats-unis-tombent-a-leur-plus-bas-niveau-en-sept-semaines","status":"publish","type":"post","link":"https:\/\/www.europesays.com\/fr\/240376\/","title":{"rendered":"Les demandes d&rsquo;allocations ch\u00f4mage aux \u00c9tats-Unis tombent \u00e0 leur plus bas niveau en sept semaines"},"content":{"rendered":"<p>Le nombre d&rsquo;Am\u00e9ricains d\u00e9posant de nouvelles demandes d&rsquo;allocations ch\u00f4mage a recul\u00e9 de mani\u00e8re inattendue \u00e0 un creux de sept semaines la semaine derni\u00e8re, signe que les employeurs semblent conserver leurs salari\u00e9s malgr\u00e9 d&rsquo;autres indicateurs sugg\u00e9rant un ralentissement du march\u00e9 du travail. Cette tendance ne cr\u00e9e donc aucune urgence pour la R\u00e9serve f\u00e9d\u00e9rale \u00e0 reprendre sa politique de baisse des taux d&rsquo;int\u00e9r\u00eat.<\/p>\n<p>Les demandes initiales d&rsquo;allocations ch\u00f4mage ont diminu\u00e9 pour la quatri\u00e8me semaine cons\u00e9cutive lors de la semaine se terminant le 5 juillet, reculant de 5\u00a0000 pour atteindre un total ajust\u00e9 en fonction des variations saisonni\u00e8res de 227\u00a0000, a indiqu\u00e9 jeudi le d\u00e9partement du Travail. Les \u00e9conomistes interrog\u00e9s par Reuters tablaient sur 235\u00a0000 nouvelles demandes pour la p\u00e9riode. Ces chiffres incluent le jour f\u00e9ri\u00e9 du 4 juillet, p\u00e9riode traditionnellement marqu\u00e9e par une volatilit\u00e9 accrue des statistiques.<\/p>\n<p>Des facteurs saisonniers ont \u00e9galement influenc\u00e9 les donn\u00e9es. Les demandes non ajust\u00e9es ont augment\u00e9 de plus de 10\u00a0000, principalement dans des \u00c9tats industriels comme le Michigan, l&rsquo;Ohio et le Tennessee, o\u00f9 les arr\u00eats techniques pour la r\u00e9organisation des usines automobiles sont courants \u00e0 cette p\u00e9riode de l&rsquo;ann\u00e9e.<\/p>\n<p>Cependant, ces licenciements temporaires n&rsquo;ont pas \u00e9t\u00e9 aussi importants que les pr\u00e8s de 15\u00a0000 pr\u00e9vus par le mod\u00e8le d&rsquo;ajustement saisonnier du d\u00e9partement du Travail. Cette dynamique continuera d&rsquo;influer sur les chiffres au cours des prochaines semaines.<\/p>\n<p>Les demandes d&rsquo;allocations ajust\u00e9es, consid\u00e9r\u00e9es par les \u00e9conomistes comme l&rsquo;un des indicateurs les plus r\u00e9actifs de la sant\u00e9 du march\u00e9 de l&#8217;emploi, avaient atteint d\u00e9but juin leur plus haut niveau depuis octobre, mais reculent chaque semaine depuis.<\/p>\n<p>\u00ab\u00a0Les entreprises du secteur priv\u00e9 ont r\u00e9ussi \u00e0 pr\u00e9server leurs marges en r\u00e9duisant les co\u00fbts salariaux par l&rsquo;attrition, la r\u00e9duction du temps de travail et l&#8217;emploi \u00e0 temps partiel&#8230; pour att\u00e9nuer la sous-activit\u00e9, plut\u00f4t que par des licenciements massifs\u00a0\u00bb, analyse Thomas Simons, chef \u00e9conomiste \u00c9tats-Unis chez Jefferies, dans une note. \u00ab\u00a0Nous pensons que cette tendance va se poursuivre, mais cette strat\u00e9gie pourrait bient\u00f4t atteindre ses limites.\u00a0\u00bb<\/p>\n<p><b>Tendance \u00e0 la baisse des embauches<\/b><\/p>\n<p>La tendance observ\u00e9e dans les donn\u00e9es sur les demandes d&rsquo;allocations est en phase avec l&rsquo;avis des \u00e9conomistes et des banquiers centraux am\u00e9ricains, qui consid\u00e8rent le march\u00e9 de l&#8217;emploi comme solide, bien que s&rsquo;affaiblissant quelque peu. Le rapport mensuel sur l&#8217;emploi publi\u00e9 la semaine derni\u00e8re illustre cette \u00e9valuation mitig\u00e9e\u00a0: le taux de ch\u00f4mage a l\u00e9g\u00e8rement recul\u00e9 \u00e0 4,1\u00a0% en juin, principalement en raison d&rsquo;une contraction de la population active, le taux de participation tombant \u00e0 son plus bas niveau depuis deux ans et demi. Et si 147\u00a0000 nouveaux emplois ont \u00e9t\u00e9 cr\u00e9\u00e9s, un chiffre sup\u00e9rieur aux attentes, ces postes \u00e9taient concentr\u00e9s dans quelques secteurs seulement.<\/p>\n<p>Le pr\u00e9sident de la Fed, Jerome Powell, a soulign\u00e9 que dans un contexte de faibles embauches et de faibles licenciements, toute hausse des suppressions de postes pourrait rapidement faire grimper le taux de ch\u00f4mage.<\/p>\n<p>Cela ne s&rsquo;est pas encore produit, m\u00eame si pr\u00e8s de 100 entreprises am\u00e9ricaines ont annonc\u00e9 des licenciements ce mois-ci, dont Microsoft et Intel. Les \u00e9conomistes estiment que la politique tarifaire incertaine du pr\u00e9sident Donald Trump complique la planification des entreprises. Cette semaine, Trump a adress\u00e9 des lettres \u00e0 plus de 20 partenaires commerciaux pour les avertir d&rsquo;une forte hausse des droits de douane sur leurs produits, passant du taux de base actuel de 10\u00a0% \u00e0 des niveaux bien plus \u00e9lev\u00e9s, a annonc\u00e9 une taxe de 50\u00a0% sur les importations de cuivre, et a pr\u00e9venu de nouvelles taxes \u00e0 venir sur les produits pharmaceutiques et les semi-conducteurs.<\/p>\n<p>Face \u00e0 une incertitude g\u00e9n\u00e9ralis\u00e9e sur la politique \u00e9conomique, la dynamique des embauches s&rsquo;est essouffl\u00e9e ces derniers mois, compliquant la t\u00e2che des demandeurs d&#8217;emploi. La moyenne sur 12 mois des cr\u00e9ations d&#8217;emplois avoisine 150\u00a0000, soit l&rsquo;un des niveaux les plus bas depuis la pand\u00e9mie et environ 35\u00a0000 de moins que la moyenne des ann\u00e9es pr\u00e9c\u00e9dant la crise sanitaire.<\/p>\n<p>Le rapport sur l&#8217;emploi de la semaine derni\u00e8re indique que la dur\u00e9e m\u00e9diane du ch\u00f4mage est pass\u00e9e de 9,5 \u00e0 10,1 semaines entre mai et juin, ce qui sugg\u00e8re que ceux qui perdent leur emploi mettent davantage de temps \u00e0 en retrouver un. Cette tendance est confirm\u00e9e par une hausse du nombre de personnes percevant des allocations ch\u00f4mage apr\u00e8s une premi\u00e8re semaine d&rsquo;indemnisation, un indicateur de la difficult\u00e9 \u00e0 retrouver un emploi. Ce chiffre a augment\u00e9 de 10\u00a0000 pour atteindre 1,965 million lors de la semaine se terminant le 28 juin, son plus haut niveau depuis novembre 2021, selon le dernier rapport sur les demandes d&rsquo;allocations.<\/p>\n<p>\u00ab\u00a0Malgr\u00e9 un certain bruit saisonnier, les donn\u00e9es sur les demandes d&rsquo;allocations racontent une histoire famili\u00e8re du march\u00e9 du travail, \u00e0 savoir qu&rsquo;il reste caract\u00e9ris\u00e9 par un faible rythme de licenciements et un faible taux d&#8217;embauche, ce qui complique la r\u00e9insertion des ch\u00f4meurs\u00a0\u00bb, souligne Nancy Vanden Houten, \u00e9conomiste en chef \u00c9tats-Unis chez Oxford Economics. \u00ab\u00a0Nous anticipons une l\u00e9g\u00e8re hausse des licenciements \u00e0 mesure que l&rsquo;\u00e9conomie ralentira et que l&rsquo;impact complet des droits de douane se fera sentir, mais nous ne pr\u00e9voyons qu&rsquo;une hausse mod\u00e9r\u00e9e du taux de ch\u00f4mage.\u00a0\u00bb<\/p>\n<p>Le mois dernier, la Fed a maintenu son taux directeur dans la fourchette de 4,25\u00a0% \u00e0 4,50\u00a0% o\u00f9 il se trouve depuis d\u00e9cembre, les banquiers centraux attendant de voir si les droits de douane font grimper l&rsquo;inflation avant d&rsquo;envisager une baisse des taux. Les march\u00e9s \u00e0 terme anticipent une reprise des baisses de taux d\u00e8s septembre, avec deux r\u00e9ductions d&rsquo;un quart de point de pourcentage d&rsquo;ici la fin de l&rsquo;ann\u00e9e selon les prix des contrats.<\/p>\n","protected":false},"excerpt":{"rendered":"Le nombre d&rsquo;Am\u00e9ricains d\u00e9posant de nouvelles demandes d&rsquo;allocations ch\u00f4mage a recul\u00e9 de mani\u00e8re inattendue \u00e0 un creux de&hellip;\n","protected":false},"author":2,"featured_media":240377,"comment_status":"","ping_status":"","sticky":false,"template":"","format":"standard","meta":{"footnotes":""},"categories":[1589],"tags":[11,340,73,1866,12,1864,1865,1863,308],"class_list":{"0":"post-240376","1":"post","2":"type-post","3":"status-publish","4":"format-standard","5":"has-post-thumbnail","7":"category-etats-unis","8":"tag-actualites","9":"tag-bourse","10":"tag-etats-unis","11":"tag-etats-unis-damerique","12":"tag-news","13":"tag-united-states","14":"tag-united-states-of-america","15":"tag-us","16":"tag-usa"},"share_on_mastodon":{"url":"https:\/\/pubeurope.com\/@fr\/114829760053510464","error":""},"_links":{"self":[{"href":"https:\/\/www.europesays.com\/fr\/wp-json\/wp\/v2\/posts\/240376","targetHints":{"allow":["GET"]}}],"collection":[{"href":"https:\/\/www.europesays.com\/fr\/wp-json\/wp\/v2\/posts"}],"about":[{"href":"https:\/\/www.europesays.com\/fr\/wp-json\/wp\/v2\/types\/post"}],"author":[{"embeddable":true,"href":"https:\/\/www.europesays.com\/fr\/wp-json\/wp\/v2\/users\/2"}],"replies":[{"embeddable":true,"href":"https:\/\/www.europesays.com\/fr\/wp-json\/wp\/v2\/comments?post=240376"}],"version-history":[{"count":0,"href":"https:\/\/www.europesays.com\/fr\/wp-json\/wp\/v2\/posts\/240376\/revisions"}],"wp:featuredmedia":[{"embeddable":true,"href":"https:\/\/www.europesays.com\/fr\/wp-json\/wp\/v2\/media\/240377"}],"wp:attachment":[{"href":"https:\/\/www.europesays.com\/fr\/wp-json\/wp\/v2\/media?parent=240376"}],"wp:term":[{"taxonomy":"category","embeddable":true,"href":"https:\/\/www.europesays.com\/fr\/wp-json\/wp\/v2\/categories?post=240376"},{"taxonomy":"post_tag","embeddable":true,"href":"https:\/\/www.europesays.com\/fr\/wp-json\/wp\/v2\/tags?post=240376"}],"curies":[{"name":"wp","href":"https:\/\/api.w.org\/{rel}","templated":true}]}}