{"id":240380,"date":"2025-07-10T15:58:12","date_gmt":"2025-07-10T15:58:12","guid":{"rendered":"https:\/\/www.europesays.com\/fr\/240380\/"},"modified":"2025-07-10T15:58:12","modified_gmt":"2025-07-10T15:58:12","slug":"motogp-enea-bastianini-manquera-le-grand-prix-dallemagne","status":"publish","type":"post","link":"https:\/\/www.europesays.com\/fr\/240380\/","title":{"rendered":"MotoGP &#8211; Enea Bastianini manquera le Grand Prix d\u2019Allemagne"},"content":{"rendered":"<p>Tandis que de son c\u00f4t\u00e9, \u00c1lex M\u00e1rquez a \u00e9t\u00e9 d\u00e9clar\u00e9 apte \u00e0 participer aux hostilit\u00e9s du week-end du c\u00f4t\u00e9 de l\u2019Allemagne, le pilote Gresini ayant \u00e9t\u00e9 bless\u00e9 \u00e0 l\u2019occasion du Grand Prix des Pays-Bas, c\u2019est au tour d\u2019Enea Bastianini de d\u00e9clarer forfait. Neuvi\u00e8me de la manche pr\u00e9c\u00e9dente, se classant notamment devant <a href=\"https:\/\/www.autohebdo.fr\/actualites\/tag\/fabio-quartararo\" data-internallinksmanager029f6b8e52c=\"15\" title=\"Fabio Quartararo\" rel=\"nofollow noopener\" target=\"_blank\">Fabio Quartararo<\/a> au guidon de sa KTM, le pilote transalpin a semble-t-il pass\u00e9 la nuit \u00e0 l\u2019h\u00f4pital, et devra se faire op\u00e9rer de l\u2019appendicite.<\/p>\n<p>Class\u00e9 hors du top 10 lors de quatre Grands Prix avant Assen, Bastianini avait r\u00e9ussi \u00e0 se hisser dans la zone des points \u00e0 l\u2019occasion de l\u2019\u00e9preuve de Jerez. D\u00e9j\u00e0 neuvi\u00e8me ce dimanche 27 avril, l\u2019Italien n\u2019aura pas l\u2019occasion de faire valoir son retour en forme suppos\u00e9 en Allemagne.<\/p>\n<blockquote class=\"twitter-tweet\">\n<p dir=\"ltr\" lang=\"en\">BREAKING: <a href=\"https:\/\/twitter.com\/Bestia23?ref_src=twsrc%5Etfw\" rel=\"nofollow noopener\" target=\"_blank\">@bestia23<\/a> will remain hospitalised overnight after being diagnosed with appendicitis. Wishing the Italian a speedy recovery as we await further updates \ud83d\udcaa<a href=\"https:\/\/twitter.com\/hashtag\/MotoGP?src=hash&amp;ref_src=twsrc%5Etfw\" rel=\"nofollow noopener\" target=\"_blank\">#MotoGP<\/a> <a href=\"https:\/\/t.co\/S4ebpw8jhH\" rel=\"nofollow\">pic.twitter.com\/S4ebpw8jhH<\/a><\/p>\n<p>\u2014 <a href=\"https:\/\/www.autohebdo.fr\/actualites\/motogp\" data-internallinksmanager029f6b8e52c=\"4\" title=\"MotoGP\" rel=\"nofollow noopener\" target=\"_blank\">MotoGP<\/a>\u2122\ud83c\udfc1 (@MotoGP) <a href=\"https:\/\/twitter.com\/MotoGP\/status\/1943318420671398207?ref_src=twsrc%5Etfw\" rel=\"nofollow noopener\" target=\"_blank\">July 10, 2025<\/a><\/p>\n<\/blockquote>\n<p>Son co\u00e9quipier au sein de l\u2019\u00e9quipe Tech3, l\u2019Espagnol Maverick Vi\u00f1ales, qui de son c\u00f4t\u00e9 jouit d\u2019une forme encore plus probante, s\u2019est class\u00e9 cinqui\u00e8me de la derni\u00e8re manche sur le sol n\u00e9erlandais. En son absence, l\u2019Ib\u00e8re entend bien faire valoir les progr\u00e8s des siens, alors qu\u2019aucune date pr\u00e9cise n\u2019a encore \u00e9t\u00e9 communiqu\u00e9e quant \u00e0 un potentiel retour pour Enea Bastianini.<\/p>\n<p><strong>\u00c0 LIRE AUSSI &gt; <a href=\"https:\/\/www.autohebdo.fr\/breves\/motogp\/alex-marquez-apte-pour-les-el1-au-sachsenring.html\" target=\"_blank\" rel=\"noopener nofollow\">\u00c1lex M\u00e1rquez apte pour les EL1 au Sachsenring<\/a><\/strong><\/p>\n<p>    <script async src=\"https:\/\/platform.twitter.com\/widgets.js\" charset=\"utf-8\"><\/script><\/p>\n","protected":false},"excerpt":{"rendered":"Tandis que de son c\u00f4t\u00e9, \u00c1lex M\u00e1rquez a \u00e9t\u00e9 d\u00e9clar\u00e9 apte \u00e0 participer aux hostilit\u00e9s du week-end du&hellip;\n","protected":false},"author":2,"featured_media":240381,"comment_status":"","ping_status":"","sticky":false,"template":"","format":"standard","meta":{"footnotes":""},"categories":[1587],"tags":[11,672,1804,1805,1803,1777,674,1801,12,1802],"class_list":{"0":"post-240380","1":"post","2":"type-post","3":"status-publish","4":"format-standard","5":"has-post-thumbnail","7":"category-allemagne","8":"tag-actualites","9":"tag-allemagne","10":"tag-bundesrepublik-deutschland","11":"tag-de","12":"tag-deutschland","13":"tag-eu","14":"tag-europe","15":"tag-germany","16":"tag-news","17":"tag-republique-federale-dallemagne"},"share_on_mastodon":{"url":"https:\/\/pubeurope.com\/@fr\/114829767739796463","error":""},"_links":{"self":[{"href":"https:\/\/www.europesays.com\/fr\/wp-json\/wp\/v2\/posts\/240380","targetHints":{"allow":["GET"]}}],"collection":[{"href":"https:\/\/www.europesays.com\/fr\/wp-json\/wp\/v2\/posts"}],"about":[{"href":"https:\/\/www.europesays.com\/fr\/wp-json\/wp\/v2\/types\/post"}],"author":[{"embeddable":true,"href":"https:\/\/www.europesays.com\/fr\/wp-json\/wp\/v2\/users\/2"}],"replies":[{"embeddable":true,"href":"https:\/\/www.europesays.com\/fr\/wp-json\/wp\/v2\/comments?post=240380"}],"version-history":[{"count":0,"href":"https:\/\/www.europesays.com\/fr\/wp-json\/wp\/v2\/posts\/240380\/revisions"}],"wp:featuredmedia":[{"embeddable":true,"href":"https:\/\/www.europesays.com\/fr\/wp-json\/wp\/v2\/media\/240381"}],"wp:attachment":[{"href":"https:\/\/www.europesays.com\/fr\/wp-json\/wp\/v2\/media?parent=240380"}],"wp:term":[{"taxonomy":"category","embeddable":true,"href":"https:\/\/www.europesays.com\/fr\/wp-json\/wp\/v2\/categories?post=240380"},{"taxonomy":"post_tag","embeddable":true,"href":"https:\/\/www.europesays.com\/fr\/wp-json\/wp\/v2\/tags?post=240380"}],"curies":[{"name":"wp","href":"https:\/\/api.w.org\/{rel}","templated":true}]}}