{"id":240393,"date":"2025-07-10T16:06:16","date_gmt":"2025-07-10T16:06:16","guid":{"rendered":"https:\/\/www.europesays.com\/fr\/240393\/"},"modified":"2025-07-10T16:06:16","modified_gmt":"2025-07-10T16:06:16","slug":"rugby-a-xiii-un-seul-retour-dans-le-groupe-des-dragons-catalans-pour-la-reception-de-warrington","status":"publish","type":"post","link":"https:\/\/www.europesays.com\/fr\/240393\/","title":{"rendered":"Rugby \u00e0 XIII\u00a0: un seul retour dans le groupe des Dragons Catalans pour la r\u00e9ception de Warrington"},"content":{"rendered":"<p>\n                                                                Joel Tomkins a d\u00e9voil\u00e9 la liste des joueurs qui pr\u00e9parent la r\u00e9ception de Warrington \u00e0 Gilbert-Brutus (samedi\u00a019 h). Le centre Matthieu Laguerre, de retour de blessure, est le seul \u00e0 retrouver la comp\u00e9tition.\n                            <\/p>\n<p>Apr\u00e8s avoir brill\u00e9 contre Huddersfield puis s\u2019\u00eatre \u00e9croul\u00e9e \u00e0 Wakefield, c\u2019est encore la m\u00eame \u00e9quipe des Dragons Catalans qui s\u2019appr\u00eate \u00e0 recevoir, ce samedi (19\u00a0h), Warrington. En effet, la feuille de match de ce Wolves-Dragons ressemblera, \u00e0 une exception pr\u00e8s, \u00e0 celle qui s\u2019est d\u00e9plac\u00e9e dans la banlieue de Leeds le week-end dernier. Et c\u2019est un retour qui fera le plus grand bien \u00e0 Joel Tomkins au centre\u00a0: celui de Matthieu Laguerre. Touch\u00e9 aux ischios-jambiers pour le d\u00e9placement \u00e0 Wakefield, il est apte \u00e0 revenir aux c\u00f4t\u00e9s Nick Cotric, pressenti pour jouer au centre. Un repositionnement qui pourrait profiter \u00e0 Faoud Yaha sur une aile.<\/p>\n<p>Par contre Arthur Romano est toujours forfait (ischio-jambiers). Ce jeudi, il a encore eu droit \u00e0 une s\u00e9ance de cardio \u00e0 l\u2019\u00e9cart du groupe. Tout comme Tariq Sims (mollet) qui a poursuivi\u00a0sa r\u00e9athl\u00e9tisation sur la touche, et comme Th\u00e9o Fages (cuisse), quand Reimis Smith n\u2019a toujours pas re\u00e7u le feu vert m\u00e9dical apr\u00e8s son choc \u00e0 la t\u00eate pendant l\u2019entra\u00eenement. Elliott Whitehead (dos) est toujours au repos. Enfin, Benjamin Garcia purgera samedi son dernier match de suspension, le quatri\u00e8me.<\/p>\n<p>Ainsi, avec un seul changement, Joel Tomkins ne devrait pas r\u00e9aliser beaucoup de changements.\u00a0C\u00e9sar Roug\u00e9 \u00e0 la m\u00eal\u00e9e et Sam Tomkins \u00e0 l\u2019arri\u00e8re devraient encha\u00eener, tout comme Paul S\u00e9guier et Romain Navarrete. D&rsquo;autres pourraient conna\u00eetre des changements de poste, comme Tevita Pangai Junior. Ce dernier est pressenti pour jouer en deuxi\u00e8me ligne et pallier l&rsquo;absence de Bayley Sironen, pr\u00e9sent dans la groupe, mais en d\u00e9licatesse avec une \u00e9paule depuis son retour de Wakefield. Guillermo Aispuro-Bichet poursuit les s\u00e9ances et continuent d\u2019activer le levier de la concurrence, si une place venait \u00e0 se lib\u00e9rer sur les lignes arri\u00e8res.<\/p>\n<p>Les 21 Dragons\u00a0: S.\u00a0Tomkins, Makinson, Cotric, Keary, Pangai Junior, Bousquet, Partington, Da Costa, Satae, Navarrete, B.\u00a0Sironen, Roug\u00e9, S\u00e9guier, Dezaria, Yaha, Laguerre, F.\u00a0Maria, Aispuro-Bichet, C.\u00a0Martin, Darr\u00e9latour, Balmforth.<\/p>\n","protected":false},"excerpt":{"rendered":"Joel Tomkins a d\u00e9voil\u00e9 la liste des joueurs qui pr\u00e9parent la r\u00e9ception de Warrington \u00e0 Gilbert-Brutus (samedi\u00a019 h).&hellip;\n","protected":false},"author":2,"featured_media":240394,"comment_status":"","ping_status":"","sticky":false,"template":"","format":"standard","meta":{"footnotes":""},"categories":[1416],"tags":[1011,27,479,1468,60],"class_list":{"0":"post-240393","1":"post","2":"type-post","3":"status-publish","4":"format-standard","5":"has-post-thumbnail","7":"category-rugby","8":"tag-fr","9":"tag-france","10":"tag-rugby","11":"tag-rugby-football","12":"tag-sports"},"share_on_mastodon":{"url":"https:\/\/pubeurope.com\/@fr\/114829799160038259","error":""},"_links":{"self":[{"href":"https:\/\/www.europesays.com\/fr\/wp-json\/wp\/v2\/posts\/240393","targetHints":{"allow":["GET"]}}],"collection":[{"href":"https:\/\/www.europesays.com\/fr\/wp-json\/wp\/v2\/posts"}],"about":[{"href":"https:\/\/www.europesays.com\/fr\/wp-json\/wp\/v2\/types\/post"}],"author":[{"embeddable":true,"href":"https:\/\/www.europesays.com\/fr\/wp-json\/wp\/v2\/users\/2"}],"replies":[{"embeddable":true,"href":"https:\/\/www.europesays.com\/fr\/wp-json\/wp\/v2\/comments?post=240393"}],"version-history":[{"count":0,"href":"https:\/\/www.europesays.com\/fr\/wp-json\/wp\/v2\/posts\/240393\/revisions"}],"wp:featuredmedia":[{"embeddable":true,"href":"https:\/\/www.europesays.com\/fr\/wp-json\/wp\/v2\/media\/240394"}],"wp:attachment":[{"href":"https:\/\/www.europesays.com\/fr\/wp-json\/wp\/v2\/media?parent=240393"}],"wp:term":[{"taxonomy":"category","embeddable":true,"href":"https:\/\/www.europesays.com\/fr\/wp-json\/wp\/v2\/categories?post=240393"},{"taxonomy":"post_tag","embeddable":true,"href":"https:\/\/www.europesays.com\/fr\/wp-json\/wp\/v2\/tags?post=240393"}],"curies":[{"name":"wp","href":"https:\/\/api.w.org\/{rel}","templated":true}]}}