{"id":240399,"date":"2025-07-10T16:09:10","date_gmt":"2025-07-10T16:09:10","guid":{"rendered":"https:\/\/www.europesays.com\/fr\/240399\/"},"modified":"2025-07-10T16:09:10","modified_gmt":"2025-07-10T16:09:10","slug":"bastianini-souffre-de-lappendicite-a-la-veille-du-gp-dallemagne","status":"publish","type":"post","link":"https:\/\/www.europesays.com\/fr\/240399\/","title":{"rendered":"Bastianini souffre de l&rsquo;appendicite \u00e0 la veille du GP d&rsquo;Allemagne"},"content":{"rendered":"<p>Enea Bastianini (Red Bull KTM Tech3) souffre de l&rsquo;appendicite et ne participera pas au Grand Prix d&rsquo;Allemagne ce week-end. Le pilote Tech3 est actuellement sous traitement pour \u00e9viter une intervention chirurgicale et passera la nuit en observation. L&rsquo;Italien a fait son retour dans le top 10 \u00e0 Assen et a obtenu de bons r\u00e9sultats par le pass\u00e9 au Sachsenring. Retrouve le communiqu\u00e9 complet ci-dessous.<\/p>\n<p>\u00ab Comme sa fi\u00e8vre ne baissait pas et que la douleur \u00e9tait toujours intense, Enea Bastianini a choisi de se rendre \u00e0 l&rsquo;h\u00f4pital de sa ville ce matin pour se faire examiner. Apr\u00e8s un examen approfondi, les m\u00e9decins ont diagnostiqu\u00e9 une appendicite chez Enea. Enea restera hospitalis\u00e9 cette nuit car il est actuellement sous traitement pour \u00e9viter une intervention chirurgicale. De plus amples informations seront communiqu\u00e9es vendredi matin. Bon r\u00e9tablissement, Enea \u00bb.<\/p>\n<p>Tout le MotoGP\u2122 esp\u00e8re vite recevoir des nouvelles positives du pilote Tech3.<\/p>\n","protected":false},"excerpt":{"rendered":"Enea Bastianini (Red Bull KTM Tech3) souffre de l&rsquo;appendicite et ne participera pas au Grand Prix d&rsquo;Allemagne ce&hellip;\n","protected":false},"author":2,"featured_media":240400,"comment_status":"","ping_status":"","sticky":false,"template":"","format":"standard","meta":{"footnotes":""},"categories":[1413],"tags":[1011,27,1457,1456,60,2032],"class_list":{"0":"post-240399","1":"post","2":"type-post","3":"status-publish","4":"format-standard","5":"has-post-thumbnail","7":"category-moto","8":"tag-fr","9":"tag-france","10":"tag-moto","11":"tag-motocycle","12":"tag-sports","13":"tag-text"},"share_on_mastodon":{"url":"https:\/\/pubeurope.com\/@fr\/114829810946375572","error":""},"_links":{"self":[{"href":"https:\/\/www.europesays.com\/fr\/wp-json\/wp\/v2\/posts\/240399","targetHints":{"allow":["GET"]}}],"collection":[{"href":"https:\/\/www.europesays.com\/fr\/wp-json\/wp\/v2\/posts"}],"about":[{"href":"https:\/\/www.europesays.com\/fr\/wp-json\/wp\/v2\/types\/post"}],"author":[{"embeddable":true,"href":"https:\/\/www.europesays.com\/fr\/wp-json\/wp\/v2\/users\/2"}],"replies":[{"embeddable":true,"href":"https:\/\/www.europesays.com\/fr\/wp-json\/wp\/v2\/comments?post=240399"}],"version-history":[{"count":0,"href":"https:\/\/www.europesays.com\/fr\/wp-json\/wp\/v2\/posts\/240399\/revisions"}],"wp:featuredmedia":[{"embeddable":true,"href":"https:\/\/www.europesays.com\/fr\/wp-json\/wp\/v2\/media\/240400"}],"wp:attachment":[{"href":"https:\/\/www.europesays.com\/fr\/wp-json\/wp\/v2\/media?parent=240399"}],"wp:term":[{"taxonomy":"category","embeddable":true,"href":"https:\/\/www.europesays.com\/fr\/wp-json\/wp\/v2\/categories?post=240399"},{"taxonomy":"post_tag","embeddable":true,"href":"https:\/\/www.europesays.com\/fr\/wp-json\/wp\/v2\/tags?post=240399"}],"curies":[{"name":"wp","href":"https:\/\/api.w.org\/{rel}","templated":true}]}}