{"id":240401,"date":"2025-07-10T16:10:20","date_gmt":"2025-07-10T16:10:20","guid":{"rendered":"https:\/\/www.europesays.com\/fr\/240401\/"},"modified":"2025-07-10T16:10:20","modified_gmt":"2025-07-10T16:10:20","slug":"toto-wolff-revele-avoir-frappe-kimi-raikkonen-pour-defendre-george-russell","status":"publish","type":"post","link":"https:\/\/www.europesays.com\/fr\/240401\/","title":{"rendered":"Toto Wolff r\u00e9v\u00e8le avoir frapp\u00e9 Kimi R\u00e4ikk\u00f6nen pour d\u00e9fendre George Russell !"},"content":{"rendered":"<p itemprop=\"description\">Le patron de Mercedes, Toto Wolff, a lev\u00e9<br \/>\nle voile sur une altercation surprenante avec Kimi R\u00e4ikk\u00f6nen lors<br \/>\ndu gala FIA 2018. Un coup de poing discret, mais symbolique, pour<br \/>\nd\u00e9fendre George Russell, alors jeune champion de Formule 2.<\/p>\n<p data-start=\"424\" data-end=\"757\">C\u2019est lors d\u2019une interview \u00e0<br \/>\nSilverstone, en compagnie de George Russell, que Toto Wolff a<br \/>\nd\u00e9cid\u00e9 de livrer une anecdote pour le moins insolite. \u00c0 la question<br \/>\n\u00ab\u00a0Dois-je leur raconter l\u2019histoire de R\u00e4ikk\u00f6nen ?\u00a0\u00bb, le patron de<br \/>\nMercedes a amus\u00e9 son pilote, qui s\u2019est content\u00e9 de r\u00e9pondre :<br \/>\n\u00ab\u00a0C\u2019est \u00e0 toi de voir, \u00e7a ne me concerne pas !\u00a0\u00bb<\/p>\n<p data-start=\"759\" data-end=\"947\">Piqu\u00e9 par la confidence, Wolff<br \/>\nest revenu sur un \u00e9pisode qui remonte \u00e0 la c\u00e9r\u00e9monie de remise des<br \/>\nprix de la FIA en 2018. Un moment o\u00f9 l\u2019ambiance festive a tourn\u00e9 au<br \/>\nvinaigre en coulisses.<\/p>\n<p>Kimi R\u00e4ikk\u00f6nen moqueur et\u2026 un<br \/>\npeu trop arros\u00e9<\/p>\n<p data-start=\"1005\" data-end=\"1319\">Ce soir-l\u00e0, Kimi R\u00e4ikk\u00f6nen,<br \/>\nvisiblement \u00e9m\u00e9ch\u00e9, avait amus\u00e9 la salle par son comportement<br \/>\nd\u00e9cal\u00e9. Mais derri\u00e8re les rideaux, l\u2019ancien champion du monde s\u2019est<br \/>\nmontr\u00e9 bien moins sympathique. Il aurait ouvertement critiqu\u00e9<br \/>\nGeorge Russell, fra\u00eechement titr\u00e9 en Formule 2, remettant en cause<br \/>\nla l\u00e9gitimit\u00e9 de son sacre.<\/p>\n<p data-start=\"1321\" data-end=\"1538\">Une attitude que Toto Wolff<br \/>\nn\u2019a pas tol\u00e9r\u00e9e. \u00ab\u00a0Kimi a insult\u00e9 George sur la mani\u00e8re dont il<br \/>\navait remport\u00e9 la F2. J\u2019ai donc d\u00fb lui mettre un coup de poing. Fin<br \/>\nde l\u2019histoire !\u00a0\u00bb a-t-il lanc\u00e9 avec un calme d\u00e9concertant.<\/p>\n<p>Un manager pr\u00eat \u00e0 tout pour<br \/>\nd\u00e9fendre les siens<\/p>\n<p data-start=\"1597\" data-end=\"1967\">Toto Wolff ne cache pas que<br \/>\nses r\u00e9actions sont forg\u00e9es par un pass\u00e9 difficile : \u00ab\u00a0J\u2019ai<br \/>\ngrandi dans des conditions rudes. J\u2019ai appris \u00e0 me d\u00e9fendre.\u00a0\u00bb<br \/>\nPour lui, la loyaut\u00e9 n\u2019est pas un concept abstrait, c\u2019est une ligne<br \/>\nde conduite. Et il n\u2019a aucun regret : \u00ab\u00a0Je donnerai toujours<br \/>\ntout pour mon \u00e9quipe et ma famille. Et si je dois les d\u00e9fendre<br \/>\nphysiquement, je le ferai.\u00a0\u00bb<\/p>\n<p data-start=\"2032\" data-end=\"2426\">L\u2019histoire, racont\u00e9e sur un<br \/>\nton l\u00e9ger, r\u00e9v\u00e8le pourtant un trait de caract\u00e8re fort du directeur<br \/>\nde Mercedes : la fid\u00e9lit\u00e9 inconditionnelle. Si Wolff est<br \/>\naujourd\u2019hui l\u2019un des dirigeants les plus respect\u00e9s du paddock,<br \/>\nc\u2019est peut-\u00eatre aussi parce qu\u2019il ne laisse jamais un membre de son<br \/>\n\u00e9quipe sans protection \u2014 quitte \u00e0 hausser le ton, ou m\u00eame le poing,<br \/>\nquand le respect n\u2019est plus au rendez-vous.<\/p>\n<p data-start=\"2433\" data-end=\"2647\" data-is-last-node=\"\" data-is-only-node=\"\">Dans un milieu aussi comp\u00e9titif que la Formule<br \/>\n1, la loyaut\u00e9 se fait rare. Toto Wolff, lui, a prouv\u00e9 qu\u2019il \u00e9tait<br \/>\npr\u00eat \u00e0 en d\u00e9coudre pour ses pilotes, m\u00eame face \u00e0 une l\u00e9gende comme<br \/>\nKimi R\u00e4ikk\u00f6nen.<\/p>\n","protected":false},"excerpt":{"rendered":"Le patron de Mercedes, Toto Wolff, a lev\u00e9 le voile sur une altercation surprenante avec Kimi R\u00e4ikk\u00f6nen lors&hellip;\n","protected":false},"author":2,"featured_media":240402,"comment_status":"","ping_status":"","sticky":false,"template":"","format":"standard","meta":{"footnotes":""},"categories":[1412],"tags":[1451,1452,1453,1454,1455,1011,27,38009,4320,60,12569],"class_list":{"0":"post-240401","1":"post","2":"type-post","3":"status-publish","4":"format-standard","5":"has-post-thumbnail","7":"category-f1","8":"tag-f1","9":"tag-formula-1","10":"tag-formula1","11":"tag-formule-1","12":"tag-formule1","13":"tag-fr","14":"tag-france","15":"tag-kimi-raikkonen","16":"tag-mercedes","17":"tag-sports","18":"tag-toto-wolff"},"share_on_mastodon":{"url":"https:\/\/pubeurope.com\/@fr\/114829814813623164","error":""},"_links":{"self":[{"href":"https:\/\/www.europesays.com\/fr\/wp-json\/wp\/v2\/posts\/240401","targetHints":{"allow":["GET"]}}],"collection":[{"href":"https:\/\/www.europesays.com\/fr\/wp-json\/wp\/v2\/posts"}],"about":[{"href":"https:\/\/www.europesays.com\/fr\/wp-json\/wp\/v2\/types\/post"}],"author":[{"embeddable":true,"href":"https:\/\/www.europesays.com\/fr\/wp-json\/wp\/v2\/users\/2"}],"replies":[{"embeddable":true,"href":"https:\/\/www.europesays.com\/fr\/wp-json\/wp\/v2\/comments?post=240401"}],"version-history":[{"count":0,"href":"https:\/\/www.europesays.com\/fr\/wp-json\/wp\/v2\/posts\/240401\/revisions"}],"wp:featuredmedia":[{"embeddable":true,"href":"https:\/\/www.europesays.com\/fr\/wp-json\/wp\/v2\/media\/240402"}],"wp:attachment":[{"href":"https:\/\/www.europesays.com\/fr\/wp-json\/wp\/v2\/media?parent=240401"}],"wp:term":[{"taxonomy":"category","embeddable":true,"href":"https:\/\/www.europesays.com\/fr\/wp-json\/wp\/v2\/categories?post=240401"},{"taxonomy":"post_tag","embeddable":true,"href":"https:\/\/www.europesays.com\/fr\/wp-json\/wp\/v2\/tags?post=240401"}],"curies":[{"name":"wp","href":"https:\/\/api.w.org\/{rel}","templated":true}]}}