{"id":240413,"date":"2025-07-10T16:16:10","date_gmt":"2025-07-10T16:16:10","guid":{"rendered":"https:\/\/www.europesays.com\/fr\/240413\/"},"modified":"2025-07-10T16:16:10","modified_gmt":"2025-07-10T16:16:10","slug":"secret-story-2025-il-y-a-une-urgence-face-au-cyberharcelement-la-production-monte-au-creneau","status":"publish","type":"post","link":"https:\/\/www.europesays.com\/fr\/240413\/","title":{"rendered":"\u00ab\u00a0Secret Story\u00a0\u00bb 2025\u00a0: \u00ab\u00a0Il y a une urgence\u00a0\u00bb face au cyberharc\u00e8lement, la production monte au cr\u00e9neau"},"content":{"rendered":"<p class=\"paragraph text_align_left lp-f-body-02\">\u00ab Cela entache la belle saison que nous vivons\u2026 \u00bb Alors que <a href=\"https:\/\/www.leparisien.fr\/culture-loisirs\/tv\/nous-nhesiterons-pas-a-intervenir-des-candidats-de-secret-story-accuses-de-harcelement-la-production-reagit-28-06-2025-R762LVPL2JH6ZOUSHTRFK5FCXU.php\" target=\"_blank\" rel=\"noreferrer nofollow noopener\">\u00ab Secret Story \u00bb rencontre un fort succ\u00e8s<\/a> chez les publics jeunes sur TFX, la soci\u00e9t\u00e9 de production Endemol ne cache pas son d\u00e9sarroi face \u00e0 un ph\u00e9nom\u00e8ne difficilement enrayable : la haine en ligne.<\/p>\n<p class=\"paragraph text_align_left lp-f-body-02\">\u00ab Dans Secret Story mais aussi dans d\u2019autres \u00e9missions comme <a href=\"https:\/\/www.leparisien.fr\/culture-loisirs\/tv\/star-academy\/\" target=\"_blank\" rel=\"noreferrer nofollow noopener\">Star Academy<\/a> (\u00e9galement produite par Endemol), nous voyons des vagues de harc\u00e8lement qui d\u00e9boulent et s\u2019emballent sur les r\u00e9seaux sociaux. La plupart du temps, ces gens n\u2019ont rien vu des programmes et cela se transforme en insultes et en menaces, constate am\u00e8rement Jean-Louis Blot, le pr\u00e9sident de la soci\u00e9t\u00e9. Nous sommes tr\u00e8s attentifs \u00e0 cela mais ce sont des incendies difficiles \u00e0 \u00e9teindre. \u00bb<\/p>\n","protected":false},"excerpt":{"rendered":"\u00ab Cela entache la belle saison que nous vivons\u2026 \u00bb Alors que \u00ab Secret Story \u00bb rencontre un&hellip;\n","protected":false},"author":2,"featured_media":211671,"comment_status":"","ping_status":"","sticky":false,"template":"","format":"standard","meta":{"footnotes":""},"categories":[1356],"tags":[872,58,59,1011,27,252,2205,1364],"class_list":{"0":"post-240413","1":"post","2":"type-post","3":"status-publish","4":"format-standard","5":"has-post-thumbnail","7":"category-television","8":"tag-culture-et-loisirs","9":"tag-divertissement","10":"tag-entertainment","11":"tag-fr","12":"tag-france","13":"tag-television","14":"tag-television-medias","15":"tag-tv"},"share_on_mastodon":{"url":"https:\/\/pubeurope.com\/@fr\/114829838485400419","error":""},"_links":{"self":[{"href":"https:\/\/www.europesays.com\/fr\/wp-json\/wp\/v2\/posts\/240413","targetHints":{"allow":["GET"]}}],"collection":[{"href":"https:\/\/www.europesays.com\/fr\/wp-json\/wp\/v2\/posts"}],"about":[{"href":"https:\/\/www.europesays.com\/fr\/wp-json\/wp\/v2\/types\/post"}],"author":[{"embeddable":true,"href":"https:\/\/www.europesays.com\/fr\/wp-json\/wp\/v2\/users\/2"}],"replies":[{"embeddable":true,"href":"https:\/\/www.europesays.com\/fr\/wp-json\/wp\/v2\/comments?post=240413"}],"version-history":[{"count":0,"href":"https:\/\/www.europesays.com\/fr\/wp-json\/wp\/v2\/posts\/240413\/revisions"}],"wp:featuredmedia":[{"embeddable":true,"href":"https:\/\/www.europesays.com\/fr\/wp-json\/wp\/v2\/media\/211671"}],"wp:attachment":[{"href":"https:\/\/www.europesays.com\/fr\/wp-json\/wp\/v2\/media?parent=240413"}],"wp:term":[{"taxonomy":"category","embeddable":true,"href":"https:\/\/www.europesays.com\/fr\/wp-json\/wp\/v2\/categories?post=240413"},{"taxonomy":"post_tag","embeddable":true,"href":"https:\/\/www.europesays.com\/fr\/wp-json\/wp\/v2\/tags?post=240413"}],"curies":[{"name":"wp","href":"https:\/\/api.w.org\/{rel}","templated":true}]}}