{"id":240416,"date":"2025-07-10T16:18:36","date_gmt":"2025-07-10T16:18:36","guid":{"rendered":"https:\/\/www.europesays.com\/fr\/240416\/"},"modified":"2025-07-10T16:18:36","modified_gmt":"2025-07-10T16:18:36","slug":"ou-se-trouve-le-chateau-de-montmirail-du-film-les-visiteurs","status":"publish","type":"post","link":"https:\/\/www.europesays.com\/fr\/240416\/","title":{"rendered":"O\u00f9 se trouve le ch\u00e2teau de Montmirail du film Les Visiteurs ?"},"content":{"rendered":"<p>30 ans plus tard, le film Les Visiteurs fait toujours autant rire les fans. Est-il possible de visiter le ch\u00e2teau de Monmirail, vu dans le film, port\u00e9 par Christian Clavier et Jean Reno ? R\u00e9ponse.<\/p>\n<p>Il y a certains films qui repassent sans arr\u00eat \u00e0 la t\u00e9l\u00e9vision. La <a href=\"https:\/\/www.programme-tv.net\/news\/tv\/331436-je-reviendrai-franck-dubosc-adresse-un-tendre-message-au-camping-des-flots-bleus-detruit-par-un-incendie-en-2022-video\/\" data-api-deeplink=\"teleloisirs:\/\/news\/331436\" target=\"_blank\" rel=\"noopener\">saga culte de Franck Dubosc, Camping<\/a>, ou encore <a href=\"https:\/\/www.programme-tv.net\/news\/cinema\/329977-godiche-du-cinema-francais-pourquoi-ses-debuts-dans-la-saga-taxi-ont-ete-compliques-pour-marion-cotillard\/\" data-api-deeplink=\"teleloisirs:\/\/news\/329977\" target=\"_blank\" rel=\"noopener\">Taxi, qui a r\u00e9v\u00e9l\u00e9 Marion Cotillard<\/a>, avant qu&rsquo;elle n&rsquo;explose au cin\u00e9ma. Si l&rsquo;on remonte dans le temps, il y a Les Visiteurs, de <a href=\"https:\/\/www.programme-tv.net\/biographie\/2184-poire-jean-marie\/\" data-link-people=\"7ade0d21-d9e3-4836-8aa2-e5f6cbe6c2ce\" target=\"_blank\" rel=\"noopener\">Jean-Marie Poir\u00e9<\/a> et sorti en 1993, <a href=\"https:\/\/www.programme-tv.net\/news\/cinema\/352427-les-visiteurs-la-replique-la-plus-culte-de-la-saga-a-failli-etre-coupee-au-montage\/\" data-api-deeplink=\"teleloisirs:\/\/news\/352427\" target=\"_blank\" rel=\"noopener\">dont les fans connaissent par coeur les r\u00e9pliques<\/a>. Au casting, les cin\u00e9philes retrouvaient Jean Reno dans le r\u00f4le de Godefroy de Montmirail, Christian Clavier en Jacquouille la Fripouille ou encore <a href=\"https:\/\/www.programme-tv.net\/biographie\/9930-lemercier-valerie\/\" data-link-people=\"e3fec885-2f25-4f13-aa2c-fc646443b27e\" target=\"_blank\" rel=\"noopener\">Val\u00e9rie Lemercier<\/a> comme Fr\u00e9n\u00e9gonde de Pouille. Cette <a href=\"https:\/\/www.programme-tv.net\/news\/cinema\/377076-je-n-avais-pas-de-loge-valerie-lemercier-se-rememore-le-tournage-complique-du-film-les-visiteurs-et-se-souvient-des-critiques-qu-elle-a-recues\/\" data-api-deeplink=\"teleloisirs:\/\/news\/377076\" target=\"_blank\" rel=\"noopener\">derni\u00e8re se rappelle encore des conditions de tournage tr\u00e8s difficiles<\/a>, alors qu&rsquo;elle faisait ses d\u00e9buts sur grand \u00e9cran. Dans le film, les deux personnages principaux, vivant en l&rsquo;an de gr\u00e2ce 1123, se retrouvent propuls\u00e9s en 1992, apr\u00e8s avoir bu une potion magique. Ils d\u00e9couvrent alors un tout autre monde bien \u00e9loign\u00e9 de leur quotidien&#8230;<\/p>\n<p>                        Le ch\u00e2teau Montmirail des Visiteurs existe-t-il vraiment ?<\/p>\n<p>Le tournage du film a eu lieu entre juin et octobre 1992. Contrairement \u00e0 ce qui est annonc\u00e9 dans l&rsquo;intrigue, ce n&rsquo;est pas \u00e0 Paris que les acteurs ont \u00e9chang\u00e9 leurs r\u00e9pliques, mais en r\u00e9gion parisienne dans l&rsquo;Oise, le Val-d&rsquo;Oise et m\u00eame \u00e0 Cergy o\u00f9 les plus attentifs reconnaissent l&rsquo;ancienne centrale \u00e9lectrique de Gennevilliers. <b>Les sc\u00e8nes m\u00e9di\u00e9vales ont eu lieu dans l&rsquo;Aude, \u00e0 Carcassonne<\/b>. Si plusieurs ch\u00e2teaux de France portent le nom de Montmirail, comme celui du film, les acteurs n&rsquo;ont pas tourn\u00e9 dans l&rsquo;un d&rsquo;entre eux. Ce sont les ch\u00e2teaux de Montbrun, en Haute-Vienne et celui d&rsquo;Ermenonville, dans l&rsquo;Oise, qui ont \u00e9t\u00e9 choisis comme d\u00e9cor, pour les sc\u00e8nes d&rsquo;int\u00e9rieur comme d&rsquo;ext\u00e9rieur. D&rsquo;autres s\u00e9quences ont \u00e9galement \u00e9t\u00e9 tourn\u00e9es au ch\u00e2teau de Vigny, dans le Val d&rsquo;Oise.<\/p>\n<p>            Combien de films compte la saga Les Visiteurs ?<\/p>\n<p>Port\u00e9 par le succ\u00e8s du premier volet, Jean-Marie Poir\u00e9 n&rsquo;a pas tard\u00e9 \u00e0 \u00e9crire une suite pour sa bande de personnages. <a href=\"https:\/\/www.programme-tv.net\/news\/cinema\/83769-les-visiteurs-2-tmc-pourquoi-muriel-robin-a-remplace-valerie-lemercier\/\" data-api-deeplink=\"teleloisirs:\/\/news\/83769\" target=\"_blank\" rel=\"noopener\">Val\u00e9rie Lemercier a cependant c\u00e9d\u00e9 sa place \u00e0 Muriel Robin<\/a> pour suivre les nouvelles aventures de Godefroy de Montmirail et Jacquouille la Fripouille. Ce dernier a pris go\u00fbt \u00e0 la vie au XXe si\u00e8cle et il a d\u00e9cid\u00e9 d&rsquo;envoyer son descendant dans le futur. Le troisi\u00e8me et dernier volet de la saga, <a href=\"https:\/\/www.programme-tv.net\/news\/cinema\/333514-les-visiteurs-en-amerique-veritable-echec-public-et-critique-qui-mit-gaumont-en-difficulte\/\" data-api-deeplink=\"teleloisirs:\/\/news\/333514\" target=\"_blank\" rel=\"noopener\">Les Visiteurs en Am\u00e9rique a beaucoup moins s\u00e9duit les fans<\/a>, qui ont \u00e9t\u00e9 tr\u00e8s critiques, d\u00e8s sa sortie en salles.<\/p>\n","protected":false},"excerpt":{"rendered":"30 ans plus tard, le film Les Visiteurs fait toujours autant rire les fans. Est-il possible de visiter&hellip;\n","protected":false},"author":2,"featured_media":240417,"comment_status":"","ping_status":"","sticky":false,"template":"","format":"standard","meta":{"footnotes":""},"categories":[1354],"tags":[2203,244,58,59,2081,1346,1011,27,38011,23658,38010,1360,38012,12910],"class_list":{"0":"post-240416","1":"post","2":"type-post","3":"status-publish","4":"format-standard","5":"has-post-thumbnail","7":"category-films","8":"tag-christian-clavier","9":"tag-commentaire","10":"tag-divertissement","11":"tag-entertainment","12":"tag-film","13":"tag-films","14":"tag-fr","15":"tag-france","16":"tag-guid_5194775114001","17":"tag-jean-reno","18":"tag-les-visiteurs","19":"tag-movies","20":"tag-uuid_fb517c73-c288-437b-a125-33f7bcca3a43","21":"tag-we-tv"},"share_on_mastodon":{"url":"https:\/\/pubeurope.com\/@fr\/114829846489551257","error":""},"_links":{"self":[{"href":"https:\/\/www.europesays.com\/fr\/wp-json\/wp\/v2\/posts\/240416","targetHints":{"allow":["GET"]}}],"collection":[{"href":"https:\/\/www.europesays.com\/fr\/wp-json\/wp\/v2\/posts"}],"about":[{"href":"https:\/\/www.europesays.com\/fr\/wp-json\/wp\/v2\/types\/post"}],"author":[{"embeddable":true,"href":"https:\/\/www.europesays.com\/fr\/wp-json\/wp\/v2\/users\/2"}],"replies":[{"embeddable":true,"href":"https:\/\/www.europesays.com\/fr\/wp-json\/wp\/v2\/comments?post=240416"}],"version-history":[{"count":0,"href":"https:\/\/www.europesays.com\/fr\/wp-json\/wp\/v2\/posts\/240416\/revisions"}],"wp:featuredmedia":[{"embeddable":true,"href":"https:\/\/www.europesays.com\/fr\/wp-json\/wp\/v2\/media\/240417"}],"wp:attachment":[{"href":"https:\/\/www.europesays.com\/fr\/wp-json\/wp\/v2\/media?parent=240416"}],"wp:term":[{"taxonomy":"category","embeddable":true,"href":"https:\/\/www.europesays.com\/fr\/wp-json\/wp\/v2\/categories?post=240416"},{"taxonomy":"post_tag","embeddable":true,"href":"https:\/\/www.europesays.com\/fr\/wp-json\/wp\/v2\/tags?post=240416"}],"curies":[{"name":"wp","href":"https:\/\/api.w.org\/{rel}","templated":true}]}}