{"id":240426,"date":"2025-07-10T16:23:11","date_gmt":"2025-07-10T16:23:11","guid":{"rendered":"https:\/\/www.europesays.com\/fr\/240426\/"},"modified":"2025-07-10T16:23:11","modified_gmt":"2025-07-10T16:23:11","slug":"le-geant-italien-ferrero-va-racheter-wk-kellogg-pour-31-milliards-de-dollars","status":"publish","type":"post","link":"https:\/\/www.europesays.com\/fr\/240426\/","title":{"rendered":"Le g\u00e9ant italien Ferrero va racheter WK Kellogg pour 3,1 milliards de dollars"},"content":{"rendered":"<p>Le groupe propri\u00e9taire des marques Kinder et Nutella va croquer le groupe am\u00e9ricain sp\u00e9cialiste des c\u00e9r\u00e9ales pour petit d\u00e9jeuner (Corn Flakes, Froot Loops, Rice Krispies, All-Bran, etc.). Ils ont sign\u00e9 un accord d\u00e9finitif pr\u00e9voyant le paiement de 23 dollars par action.<\/p>\n<p class=\"fig-paragraph\">Rapprochement XXL dans l\u2019agroalimentaire. Le g\u00e9ant italien\u00a0<a href=\"http:\/\/www.lefigaro.fr\/societes\/ferrero-veut-poursuivre-sa-percee-dans-les-surgeles-et-lance-une-glace-au-nutella-20240523\" data-fig-type=\"NewsFlash\" data-gtm-custom-categorie=\"navigation\" data-gtm-custom-action=\"crossclick\" data-gtm-custom-label=\"Contextuel\" data-gtm-event=\"customEventSPE\" data-fig-domain=\"LEFIGARO\" target=\"_blank\" rel=\"noopener\">Ferrero\u00a0<\/a>(Kinder, Nutella, etc.) va racheter le groupe am\u00e9ricain WK Kellogg, sp\u00e9cialiste des c\u00e9r\u00e9ales pour petit d\u00e9jeuner (Corn Flakes, Froot Loops, Rice Krispies, All-Bran, etc.) pour 3,1 milliards de dollars (dette comprise), ont-ils annonc\u00e9 jeudi dans un communiqu\u00e9 commun.<\/p>\n<p class=\"fig-paragraph\">Ils ont sign\u00e9 un accord d\u00e9finitif pr\u00e9voyant le paiement de 23 dollars par action. Cela repr\u00e9sente une prime de 31% par rapport au cours de cl\u00f4ture du groupe am\u00e9ricain mercredi \u00e0 Wall Street. L\u2019op\u00e9ration, enti\u00e8rement financ\u00e9e en liquide, a \u00e9t\u00e9 approuv\u00e9e par les conseils d\u2019administration des deux entreprises. Elle devrait \u00eatre finalis\u00e9e au second semestre, apr\u00e8s approbation en particulier des actionnaires de\u00a0<a href=\"http:\/\/www.lefigaro.fr\/flash-eco\/trop-gras-ou-trop-sucre-kellogg-perd-en-justice-contre-le-gouvernement-britannique-20220704\" data-fig-type=\"NewsFlash\" data-gtm-custom-categorie=\"navigation\" data-gtm-custom-action=\"crossclick\" data-gtm-custom-label=\"Contextuel\" data-gtm-event=\"customEventSPE\" data-fig-domain=\"LEFIGARO\" target=\"_blank\" rel=\"noopener\">WK Kellogg\u00a0<\/a>et des autorit\u00e9s r\u00e9glementaires.<\/p>\n<p>                                    <a class=\"fig-a11y-skip a11y-hidden\" href=\"#fig-a11y-skip-main-inarticle\"><br \/>\n        Passer la publicit\u00e9<br \/>\n    <\/a><\/p>\n<p class=\"fig-paragraph\">Le groupe am\u00e9ricain deviendrait alors une filiale \u00e0 part enti\u00e8re de Ferrero, selon le communiqu\u00e9. Des actionnaires repr\u00e9sentant 21,7% du capital de WK Kellogg se sont d\u00e9j\u00e0 engag\u00e9s \u00e0 voter en faveur du rachat, d\u2019apr\u00e8s ce communiqu\u00e9. Le Wall Street Journal avait d\u00e9flor\u00e9 l\u2019annonce mercredi en fin d\u2019apr\u00e8s-midi en affirmant que Ferrero \u00e9tait \u00abproche de la finalisation d\u2019une transaction d\u2019environ trois milliards de dollars\u00bb pour racheter WK Kellogg.<\/p>\n<p>\u00abL\u2019objectif de Ferrero est de grossir aux \u00c9tats-Unis\u00bb<\/p>\n<p class=\"fig-paragraph\">\u00abL\u2019objectif de Ferrero est de grossir aux \u00c9tats-Unis par le biais d\u2019acquisitions, apr\u00e8s avoir d\u00e9j\u00e0 achet\u00e9 les activit\u00e9s de confiserie am\u00e9ricaines (du groupe suisse)\u00a0<a href=\"http:\/\/www.lefigaro.fr\/societes\/affaire-des-eaux-en-bouteille-le-siege-de-nestle-a-issy-les-moulineaux-perquisitionne-20250710\" data-fig-type=\"NewsFlash\" data-gtm-custom-categorie=\"navigation\" data-gtm-custom-action=\"crossclick\" data-gtm-custom-label=\"Contextuel\" data-gtm-event=\"customEventSPE\" data-fig-domain=\"LEFIGARO\" target=\"_blank\" rel=\"noopener\">Nestl\u00e9<\/a> \u00bb pour 2,8 milliards de dollars en 2018, avait relev\u00e9 le journal. L\u2019action de WK Kellogg s\u2019\u00e9tait envol\u00e9e de pr\u00e8s de 50% dans les \u00e9changes \u00e9lectroniques apr\u00e8s la fermeture mercredi de la\u00a0<a href=\"http:\/\/www.lefigaro.fr\/international\/frais-de-douane-la-panique-se-poursuit-sur-les-marches-financiers-le-petrole-au-plus-depuis-2021-20250407\" data-fig-type=\"NewsFlash\" data-gtm-custom-categorie=\"navigation\" data-gtm-custom-action=\"crossclick\" data-gtm-custom-label=\"Contextuel\" data-gtm-event=\"customEventSPE\" data-fig-domain=\"LEFIGARO\" target=\"_blank\" rel=\"noopener\">Bourse de New York<\/a>.<\/p>\n<p class=\"fig-paragraph\">En juin 2021, le g\u00e9ant du petit-d\u00e9jeuner Kellogg avait d\u00e9voil\u00e9 son intention de se diviser en trois soci\u00e9t\u00e9s distinctes et ind\u00e9pendantes, mais il avait opt\u00e9, au final, pour deux seulement\u00a0: WK Kellogg (c\u00e9r\u00e9ales) et Kellanova (snacks), qui sont n\u00e9s en octobre 2023. Kellanova &#8211; chips\u00a0<a href=\"http:\/\/www.lefigaro.fr\/societes\/mars-de-milky-way-a-pringles-l-appetit-d-ogre-d-un-empire-secret-20240815\" data-fig-type=\"Article\" data-gtm-custom-categorie=\"navigation\" data-gtm-custom-action=\"crossclick\" data-gtm-custom-label=\"Contextuel\" data-gtm-event=\"customEventSPE\" data-fig-domain=\"LEFIGARO\" target=\"_blank\" rel=\"noopener\">Pringles<\/a>, snacks de marque Kellogg\u2019s (Eggo, Nutrigain, Rice Krispies Treats&#8230;), Cheez-It, Carr\u2019s &#8211; fait actuellement l\u2019objet d\u2019une tentative de rachat par son compatriote Mars pour 36 milliards de dollars, annonc\u00e9e en ao\u00fbt 2024.<\/p>\n<p class=\"fig-paragraph\">Ce dernier comptait sur une finalisation de l\u2019acquisition au premier semestre 2025, mais la Commission europ\u00e9enne, craignant des hausses de prix pour les consommateurs dans un contexte de forte inflation alimentaire, a ouvert une enqu\u00eate le 25 juin. Le groupe\u00a0<a href=\"http:\/\/www.lefigaro.fr\/flash-eco\/mars-rachete-la-chaine-britannique-de-magasins-hotel-chocolat-pour-534-millions-de-livres-20231116\" data-fig-type=\"NewsFlash\" data-gtm-custom-categorie=\"navigation\" data-gtm-custom-action=\"crossclick\" data-gtm-custom-label=\"Contextuel\" data-gtm-event=\"customEventSPE\" data-fig-domain=\"LEFIGARO\" target=\"_blank\" rel=\"noopener\">Mars\u00a0<\/a>(Twix, Snickers, M&amp;M\u2019s mais aussi les aliments pour animaux Whiskas et Royal Canin) ambitionne de se diversifier dans les snacks sal\u00e9s.<\/p>\n","protected":false},"excerpt":{"rendered":"Le groupe propri\u00e9taire des marques Kinder et Nutella va croquer le groupe am\u00e9ricain sp\u00e9cialiste des c\u00e9r\u00e9ales pour petit&hellip;\n","protected":false},"author":2,"featured_media":240427,"comment_status":"","ping_status":"","sticky":false,"template":"","format":"standard","meta":{"footnotes":""},"categories":[6],"tags":[35,33,34,257,7275,1011,27,8847],"class_list":{"0":"post-240426","1":"post","2":"type-post","3":"status-publish","4":"format-standard","5":"has-post-thumbnail","7":"category-economie","8":"tag-business","9":"tag-economie","10":"tag-economy","11":"tag-entreprise","12":"tag-ferrero","13":"tag-fr","14":"tag-france","15":"tag-rachat"},"share_on_mastodon":{"url":"","error":""},"_links":{"self":[{"href":"https:\/\/www.europesays.com\/fr\/wp-json\/wp\/v2\/posts\/240426","targetHints":{"allow":["GET"]}}],"collection":[{"href":"https:\/\/www.europesays.com\/fr\/wp-json\/wp\/v2\/posts"}],"about":[{"href":"https:\/\/www.europesays.com\/fr\/wp-json\/wp\/v2\/types\/post"}],"author":[{"embeddable":true,"href":"https:\/\/www.europesays.com\/fr\/wp-json\/wp\/v2\/users\/2"}],"replies":[{"embeddable":true,"href":"https:\/\/www.europesays.com\/fr\/wp-json\/wp\/v2\/comments?post=240426"}],"version-history":[{"count":0,"href":"https:\/\/www.europesays.com\/fr\/wp-json\/wp\/v2\/posts\/240426\/revisions"}],"wp:featuredmedia":[{"embeddable":true,"href":"https:\/\/www.europesays.com\/fr\/wp-json\/wp\/v2\/media\/240427"}],"wp:attachment":[{"href":"https:\/\/www.europesays.com\/fr\/wp-json\/wp\/v2\/media?parent=240426"}],"wp:term":[{"taxonomy":"category","embeddable":true,"href":"https:\/\/www.europesays.com\/fr\/wp-json\/wp\/v2\/categories?post=240426"},{"taxonomy":"post_tag","embeddable":true,"href":"https:\/\/www.europesays.com\/fr\/wp-json\/wp\/v2\/tags?post=240426"}],"curies":[{"name":"wp","href":"https:\/\/api.w.org\/{rel}","templated":true}]}}