{"id":240430,"date":"2025-07-10T16:25:08","date_gmt":"2025-07-10T16:25:08","guid":{"rendered":"https:\/\/www.europesays.com\/fr\/240430\/"},"modified":"2025-07-10T16:25:08","modified_gmt":"2025-07-10T16:25:08","slug":"le-parquet-livre-les-premieres-constatations","status":"publish","type":"post","link":"https:\/\/www.europesays.com\/fr\/240430\/","title":{"rendered":"le Parquet livre les premi\u00e8res constatations"},"content":{"rendered":"<p>            Par<br \/>\n        <strong><br \/>\n            <a href=\"https:\/\/actu.fr\/auteur\/nathalie-jaffray\" title=\"Consulter tous les articles de Nathalie Bot-Jaffray\" rel=\"nofollow noopener\" target=\"_blank\">Nathalie Bot-Jaffray<\/a><br \/>\n        <\/strong><\/p>\n<p>        Publi\u00e9 le<\/p>\n<p>            10 juil. 2025 \u00e0 17h20        <\/p>\n<p>[MIS \u00c0 JOUR, JEUDI 10 JUILLET \u00c0 17 H ]. Trois corps sans vie ont \u00e9t\u00e9 retrouv\u00e9s en mer ce <b>jeudi 10\u00a0juillet <\/b>2025, entre 7\u2009h et 8\u2009h, dans la<b> baie de Saint-Brieuc<\/b>, au large du port de <b>Binic<\/b> (C\u00f4tes-d\u2019Armor).<\/p>\n<p class=\" wall-content\">Trois personnes d\u2019une m\u00eame famille originaire de Pl\u00e9dran \u2013 un grand-p\u00e8re (58 ans), un p\u00e8re (38 ans) et une adolescente (13 ans) \u2013 qui \u00e9taient partis en sortie en mer, la veille \u00e0 17\u2009h, sur un bateau semi-rigide au d\u00e9part du port de Binic.<\/p>\n<p>L\u2019embarcation retrouv\u00e9e vide dans la nuit<\/p>\n<p class=\" wall-content\"><b>L\u2019alerte <\/b>a \u00e9t\u00e9 donn\u00e9e par la famille des victimes en soir\u00e9e. \u00ab\u00a0Rest\u00e9e \u00e0 terre, elle s\u2019inqui\u00e9tait de leur retard\u00a0 dans la nuit\u00a0\u00bb, indique\u00a0Antoine Loussot, vice-procureur du parquet de Saint-Brieuc.\u00a0<\/p>\n<p class=\" wall-content\">Le <b>CROSS \u2013 Corsen <\/b>(Centre r\u00e9gional op\u00e9rationnel de surveillance et de sauvetage) a alors d\u00e9clench\u00e9 un important <b>dispositif de secours<\/b> en mer qui a tourn\u00e9 toute la nuit. Il a engag\u00e9 l\u2019h\u00e9licopt\u00e8re Dragon 50 de la s\u00e9curit\u00e9 civile puis l\u2019h\u00e9licopt\u00e8re H160 de la Marine nationale, deux moyens de la soci\u00e9t\u00e9 nationale de sauvetage en mer (SNSM) et le patrouilleur des douanes Jacques Oudart Fourmentin\u00a0et le chalutier\u00a0Juliana.<\/p>\n<p class=\" wall-content\"><b>L\u2019embarcation<\/b> a \u00e9t\u00e9 retrouv\u00e9e vide \u00e0 4\u2009h du matin, au large d\u2019Etables-sur-Mer,\u00a0 \u00e0 7 miles nautiques au nord-est de Binic. Et les corps ont \u00e9t\u00e9 retrouv\u00e9s plus tard, deux premiers \u00e0 7\u2009h du matin au large de Saint-Quay-Portrieux, un autre \u00e0 8\u2009h.\u2009<\/p>\n<p class=\" wall-content\">Ils ont \u00e9t\u00e9 rapatri\u00e9s au port d\u2019Armor \u00e0 Saint-Quay-Portrieux, puis transport\u00e9s au centre hospitalier de Saint-Brieuc.<\/p>\n<p>Vid\u00e9os : en ce moment sur Actu<\/p>\n<p class=\" wall-content\">Une enqu\u00eate a \u00e9t\u00e9 ouverte pour d\u00e9terminer les circonstances de ce drame.<\/p>\n<blockquote class=\"ac-article-quote wall-content\">\n<p>Un examen approfondi des corps de chacun a permis de constater des \u00e9l\u00e9ments en faveur d\u2019une noyade. Les corps ont \u00e9t\u00e9 rendus \u00e0 la famille. Aucun corps n\u2019a \u00e9t\u00e9 retrouv\u00e9 porteur d\u2019un gilet de sauvetage ou d\u2019un dispositif de s\u00e9curit\u00e9.<\/p>\n<p>Antoine Loussot, vice-procureur\u00a0<\/p><\/blockquote>\n<p class=\" wall-content\">A ce stade de l\u2019enqu\u00eate, \u00ab\u00a0ouverte en recherche des causes de la mort et confi\u00e9e conjointement \u00e0 la gendarmerie maritime et d\u00e9partementale, et qui doit se poursuivre notamment quant \u00e0 des constations et expertises techniques sur le bateau et son \u00e9tat de navigabilit\u00e9,<b> la th\u00e8se de l\u2019accident<\/b> de mer est privil\u00e9gi\u00e9e\u00a0\u00bb.<\/p>\n<p class=\" wall-content\">De m\u00eame, l\u2019intervention d\u2019un tiers semble pouvoir \u00eatre exclu.<\/p>\n<p class=\" wall-content\">Selon le vice-procureur, des<b> t\u00e9moignages<\/b> devront \u00eatre recueillis \u00ab\u00a0pour savoir le niveau des capacit\u00e9s de navigation du pilote, le motif de la sortie, les conditions d\u2019acquisition du bateau.\u00a0\u00bb<\/p>\n<p class=\" wall-content\">Suivez toute l\u2019actualit\u00e9 de vos villes et m\u00e9dias favoris en vous inscrivant \u00e0 <a href=\"https:\/\/moncompte.actu.fr\" title=\"D\u00e9couvez Mon Actu\" rel=\"nofollow noopener\" data-trk=\"{&quot;cta&quot;:{&quot;action&quot;:&quot;https:\\\/\\\/moncompte.actu.fr&quot;,&quot;category&quot;:&quot;mon compte&quot;,&quot;from&quot;:&quot;article footer&quot;,&quot;name&quot;:&quot;Mon actu&quot;,&quot;type&quot;:&quot;cta&quot;}}\" target=\"_blank\">Mon Actu<\/a>.<\/p>\n","protected":false},"excerpt":{"rendered":"Par Nathalie Bot-Jaffray Publi\u00e9 le 10 juil. 2025 \u00e0 17h20 [MIS \u00c0 JOUR, JEUDI 10 JUILLET \u00c0 17&hellip;\n","protected":false},"author":2,"featured_media":240431,"comment_status":"","ping_status":"","sticky":false,"template":"","format":"standard","meta":{"footnotes":""},"categories":[4],"tags":[119,11,118,1011,27,3381,6127,12,25],"class_list":{"0":"post-240430","1":"post","2":"type-post","3":"status-publish","4":"format-standard","5":"has-post-thumbnail","7":"category-france","8":"tag-accident","9":"tag-actualites","10":"tag-faits-divers","11":"tag-fr","12":"tag-france","13":"tag-gendarmerie","14":"tag-mer","15":"tag-news","16":"tag-republique-francaise"},"share_on_mastodon":{"url":"https:\/\/pubeurope.com\/@fr\/114829873834400773","error":""},"_links":{"self":[{"href":"https:\/\/www.europesays.com\/fr\/wp-json\/wp\/v2\/posts\/240430","targetHints":{"allow":["GET"]}}],"collection":[{"href":"https:\/\/www.europesays.com\/fr\/wp-json\/wp\/v2\/posts"}],"about":[{"href":"https:\/\/www.europesays.com\/fr\/wp-json\/wp\/v2\/types\/post"}],"author":[{"embeddable":true,"href":"https:\/\/www.europesays.com\/fr\/wp-json\/wp\/v2\/users\/2"}],"replies":[{"embeddable":true,"href":"https:\/\/www.europesays.com\/fr\/wp-json\/wp\/v2\/comments?post=240430"}],"version-history":[{"count":0,"href":"https:\/\/www.europesays.com\/fr\/wp-json\/wp\/v2\/posts\/240430\/revisions"}],"wp:featuredmedia":[{"embeddable":true,"href":"https:\/\/www.europesays.com\/fr\/wp-json\/wp\/v2\/media\/240431"}],"wp:attachment":[{"href":"https:\/\/www.europesays.com\/fr\/wp-json\/wp\/v2\/media?parent=240430"}],"wp:term":[{"taxonomy":"category","embeddable":true,"href":"https:\/\/www.europesays.com\/fr\/wp-json\/wp\/v2\/categories?post=240430"},{"taxonomy":"post_tag","embeddable":true,"href":"https:\/\/www.europesays.com\/fr\/wp-json\/wp\/v2\/tags?post=240430"}],"curies":[{"name":"wp","href":"https:\/\/api.w.org\/{rel}","templated":true}]}}