{"id":240432,"date":"2025-07-10T16:26:12","date_gmt":"2025-07-10T16:26:12","guid":{"rendered":"https:\/\/www.europesays.com\/fr\/240432\/"},"modified":"2025-07-10T16:26:12","modified_gmt":"2025-07-10T16:26:12","slug":"deux-nouveaux-importants-departs-de-feu-dans-les-pyrenees-orientales","status":"publish","type":"post","link":"https:\/\/www.europesays.com\/fr\/240432\/","title":{"rendered":"deux nouveaux importants d\u00e9parts de feu dans les Pyr\u00e9n\u00e9es-Orientales"},"content":{"rendered":"<p>            Par<br \/>\n        <strong><br \/>\n            <a href=\"https:\/\/actu.fr\/auteur\/jeremy-marty\" title=\"Consulter tous les articles de Jeremy Marty\" rel=\"nofollow noopener\" target=\"_blank\">Jeremy Marty<\/a><br \/>\n        <\/strong><\/p>\n<p>        Publi\u00e9 le<\/p>\n<p>            10 juil. 2025 \u00e0 15h01<br \/>\n        ; mis \u00e0 jour le 10 juil. 2025 \u00e0 16h58    <\/p>\n<p>Apr\u00e8s une <a href=\"https:\/\/actu.fr\/occitanie\/ceret_66049\/nouvel-incendie-dans-les-pyrenees-orientales-50-pompiers-et-un-helicoptere-bombardier-mobilises_62890126.html\" rel=\"nofollow noopener\" target=\"_blank\">multitude de d\u00e9parts de feu<\/a> dans la soir\u00e9e du mercredi 9\u00a0juillet 2025, les sapeurs-pompiers des Pyr\u00e9n\u00e9es-Orientales n\u2019ont pas eu de r\u00e9pit. Ce jeudi 10\u00a0juillet 2025,<strong> deux foyers se sont d\u00e9clar\u00e9s simultan\u00e9ment<\/strong> dans le d\u00e9partement. De gros moyens sont mobilis\u00e9s.<\/p>\n<p>Pr\u00e8s de 200 pompiers d\u00e9ploy\u00e9s<\/p>\n<p class=\" wall-content\">Il \u00e9tait aux alentours de 14h lorsqu\u2019une <strong>lourde d\u00e9tonation<\/strong> s\u2019est fait entendre dans les environs d\u2019<strong>Argel\u00e8s-sur-Mer<\/strong> (Pyr\u00e9n\u00e9es-Orientales). Un bruit sourd qui a intrigu\u00e9 de nombreux internautes sur les r\u00e9seaux sociaux, la plupart \u00e9voquant \u00ab\u2009une \u00e9norme explosion\u2009\u00bb. Cette derni\u00e8re proviendrait d\u2019une <strong>voiture<\/strong>, en proie aux flammes, qui aurait explos\u00e9.<\/p>\n<p class=\" wall-content\">Malheureusement, cet incident a entra\u00een\u00e9 un feu de garrigue dans la station baln\u00e9aire, \u00e0 proximit\u00e9 de la D2E. Alert\u00e9 dans la foul\u00e9e, le service d\u00e9partemental d\u2019incendie et de secours du d\u00e9partement (SDIS 66) a d\u00e9p\u00each\u00e9<strong> 90 sapeurs-pompiers<\/strong>, un avion Dash et un h\u00e9licopt\u00e8re bombardier d\u2019eau sur place.<\/p>\n<p>    <a href=\"https:\/\/www.facebook.com\/plugins\/video.php?height=312&amp;href=https%3A%2F%2Fwww.facebook.com%2FAssociationPreventionetSignalementsDeFeuxdeForet%2Fvideos%2F1738530533416972%2F&amp;show_text=true&amp;width=350&amp;t=0\" title=\"Ouvrie le lien\" rel=\"nofollow noopener\" target=\"_blank\">Cliquez ici pour visualiser le contenu<\/a><\/p>\n<p class=\" wall-content\">Quelques minutes plus tard, un incendie s\u2019est \u00e9galement d\u00e9clar\u00e9, \u00e0 proximit\u00e9 de la RN116, \u00e0 hauteur d\u2019<strong>Eus<\/strong>.<strong> 80 soldats du feu<\/strong>, soutenus par un dispositif a\u00e9rien, tentent actuellement de limiter la propagation de ce \u00ab\u2009feu de v\u00e9g\u00e9tation basse\u2009\u00bb, soulignent les secours.<\/p>\n<p>Vid\u00e9os : en ce moment sur ActuLes deux feux fix\u00e9s \u00e0 15h45<\/p>\n<p class=\" wall-content\">\u00c0 15h45, le SDIS 66 annonce que les deux incendies sont fix\u00e9s. Du c\u00f4t\u00e9 d\u2019Argel\u00e8s-sur-Mer, les d\u00e9g\u00e2ts se sont limit\u00e9s \u00e0 une surface de <strong>1\u2009000 m\u00b2<\/strong>.<\/p>\n<p class=\" wall-content\"><a href=\"https:\/\/www.instagram.com\/reel\/DL7fk8coAzD\/embed\" title=\"Ouvrir le lien sur Instagram\" rel=\"nofollow noopener\" target=\"_blank\">Visualiser le contenu sur Instagram<\/a><\/p>\n<p class=\" wall-content\">Le bilan est plus important \u00e0 Eus o\u00f9 <strong>deux hectares<\/strong> ont \u00e9t\u00e9 parcourus par les flammes. L\u2019intervention des pompiers a permis de pr\u00e9server un mas et une habitation. Trois serres d\u2019agrumes sur quatre ont \u00e9t\u00e9 prot\u00e9g\u00e9es. La quatri\u00e8me a \u00e9t\u00e9 l\u00e9g\u00e8rement impact\u00e9e.<\/p>\n<p class=\" wall-content\">Suivez toute l\u2019actualit\u00e9 de vos villes et m\u00e9dias favoris en vous inscrivant \u00e0 <a href=\"https:\/\/moncompte.actu.fr\" title=\"D\u00e9couvez Mon Actu\" rel=\"nofollow noopener\" data-trk=\"{&quot;cta&quot;:{&quot;action&quot;:&quot;https:\\\/\\\/moncompte.actu.fr&quot;,&quot;category&quot;:&quot;mon compte&quot;,&quot;from&quot;:&quot;article footer&quot;,&quot;name&quot;:&quot;Mon actu&quot;,&quot;type&quot;:&quot;cta&quot;}}\" target=\"_blank\">Mon Actu<\/a>.<\/p>\n<p>                    <script async src=\"\/\/www.instagram.com\/embed.js\"><\/script><\/p>\n","protected":false},"excerpt":{"rendered":"Par Jeremy Marty Publi\u00e9 le 10 juil. 2025 \u00e0 15h01 ; mis \u00e0 jour le 10 juil. 2025&hellip;\n","protected":false},"author":2,"featured_media":240433,"comment_status":"","ping_status":"","sticky":false,"template":"","format":"standard","meta":{"footnotes":""},"categories":[2],"tags":[11,118,1011,27,1310,12],"class_list":{"0":"post-240432","1":"post","2":"type-post","3":"status-publish","4":"format-standard","5":"has-post-thumbnail","7":"category-actualites","8":"tag-actualites","9":"tag-faits-divers","10":"tag-fr","11":"tag-france","12":"tag-incendie","13":"tag-news"},"share_on_mastodon":{"url":"https:\/\/pubeurope.com\/@fr\/114829877765146810","error":""},"_links":{"self":[{"href":"https:\/\/www.europesays.com\/fr\/wp-json\/wp\/v2\/posts\/240432","targetHints":{"allow":["GET"]}}],"collection":[{"href":"https:\/\/www.europesays.com\/fr\/wp-json\/wp\/v2\/posts"}],"about":[{"href":"https:\/\/www.europesays.com\/fr\/wp-json\/wp\/v2\/types\/post"}],"author":[{"embeddable":true,"href":"https:\/\/www.europesays.com\/fr\/wp-json\/wp\/v2\/users\/2"}],"replies":[{"embeddable":true,"href":"https:\/\/www.europesays.com\/fr\/wp-json\/wp\/v2\/comments?post=240432"}],"version-history":[{"count":0,"href":"https:\/\/www.europesays.com\/fr\/wp-json\/wp\/v2\/posts\/240432\/revisions"}],"wp:featuredmedia":[{"embeddable":true,"href":"https:\/\/www.europesays.com\/fr\/wp-json\/wp\/v2\/media\/240433"}],"wp:attachment":[{"href":"https:\/\/www.europesays.com\/fr\/wp-json\/wp\/v2\/media?parent=240432"}],"wp:term":[{"taxonomy":"category","embeddable":true,"href":"https:\/\/www.europesays.com\/fr\/wp-json\/wp\/v2\/categories?post=240432"},{"taxonomy":"post_tag","embeddable":true,"href":"https:\/\/www.europesays.com\/fr\/wp-json\/wp\/v2\/tags?post=240432"}],"curies":[{"name":"wp","href":"https:\/\/api.w.org\/{rel}","templated":true}]}}