{"id":240434,"date":"2025-07-10T16:27:14","date_gmt":"2025-07-10T16:27:14","guid":{"rendered":"https:\/\/www.europesays.com\/fr\/240434\/"},"modified":"2025-07-10T16:27:14","modified_gmt":"2025-07-10T16:27:14","slug":"les-gros-travaux-vont-commencer-la-semaine-prochaine","status":"publish","type":"post","link":"https:\/\/www.europesays.com\/fr\/240434\/","title":{"rendered":"les gros travaux vont commencer la semaine prochaine"},"content":{"rendered":"<p>                            Le projet<\/p>\n<p>D\u00e8s cet \u00e9t\u00e9, un nouveau demi-\u00e9changeur va commencer \u00e0 voir le jour dans le secteur de la Varizelle. Cela implique la cr\u00e9ation d\u2019une nouvelle bretelle d\u2019entr\u00e9e vers Lyon au sud, d\u2019un pont de franchissement de l\u2019autoroute, d\u2019une nouvelle bretelle de sortie depuis Lyon au nord et d\u2019un nouveau giratoire route de la Varizelle \u00e0 quatre branches. Une voie verte destin\u00e9e aux pi\u00e9tons et v\u00e9los est incluse dans le projet.<\/p>\n<p>Cela va aussi n\u00e9cessiter la r\u00e9alisation d\u2019importants murs de sout\u00e8nements le long des bretelles et la reprise de murs anti-bruit.<\/p>\n<p>Enfin, un travail va \u00eatre men\u00e9 sur le lit des cours d\u2019eau pr\u00e9sents dans les emprises, les berges vont faire l\u2019objet d\u2019une requalification environnement, les esp\u00e8ces v\u00e9g\u00e9tales invasives doivent \u00eatre \u00e9limin\u00e9es et des am\u00e9nagements doivent permettre le r\u00e9tablissement des continuit\u00e9s \u00e9cologiques pour la petite faune et les&#8230;<\/p>\n","protected":false},"excerpt":{"rendered":"Le projet D\u00e8s cet \u00e9t\u00e9, un nouveau demi-\u00e9changeur va commencer \u00e0 voir le jour dans le secteur de&hellip;\n","protected":false},"author":2,"featured_media":240435,"comment_status":"","ping_status":"","sticky":false,"template":"","format":"standard","meta":{"footnotes":""},"categories":[9653],"tags":[1111,11,2430,4749,3542,33,7539,1777,674,1011,27,3367,12,25,9669,9670,4001,2803],"class_list":{"0":"post-240434","1":"post","2":"type-post","3":"status-publish","4":"format-standard","5":"has-post-thumbnail","7":"category-saint-etienne","8":"tag-actu","9":"tag-actualites","10":"tag-auvergne-rhone-alpes","11":"tag-btp-et-chantiers","12":"tag-circulation","13":"tag-economie","14":"tag-edition-loire-sud","15":"tag-eu","16":"tag-europe","17":"tag-fr","18":"tag-france","19":"tag-loire","20":"tag-news","21":"tag-republique-francaise","22":"tag-saint-chamond","23":"tag-saint-chamond-ville","24":"tag-saint-etienne","25":"tag-transport"},"share_on_mastodon":{"url":"https:\/\/pubeurope.com\/@fr\/114829881949548412","error":""},"_links":{"self":[{"href":"https:\/\/www.europesays.com\/fr\/wp-json\/wp\/v2\/posts\/240434","targetHints":{"allow":["GET"]}}],"collection":[{"href":"https:\/\/www.europesays.com\/fr\/wp-json\/wp\/v2\/posts"}],"about":[{"href":"https:\/\/www.europesays.com\/fr\/wp-json\/wp\/v2\/types\/post"}],"author":[{"embeddable":true,"href":"https:\/\/www.europesays.com\/fr\/wp-json\/wp\/v2\/users\/2"}],"replies":[{"embeddable":true,"href":"https:\/\/www.europesays.com\/fr\/wp-json\/wp\/v2\/comments?post=240434"}],"version-history":[{"count":0,"href":"https:\/\/www.europesays.com\/fr\/wp-json\/wp\/v2\/posts\/240434\/revisions"}],"wp:featuredmedia":[{"embeddable":true,"href":"https:\/\/www.europesays.com\/fr\/wp-json\/wp\/v2\/media\/240435"}],"wp:attachment":[{"href":"https:\/\/www.europesays.com\/fr\/wp-json\/wp\/v2\/media?parent=240434"}],"wp:term":[{"taxonomy":"category","embeddable":true,"href":"https:\/\/www.europesays.com\/fr\/wp-json\/wp\/v2\/categories?post=240434"},{"taxonomy":"post_tag","embeddable":true,"href":"https:\/\/www.europesays.com\/fr\/wp-json\/wp\/v2\/tags?post=240434"}],"curies":[{"name":"wp","href":"https:\/\/api.w.org\/{rel}","templated":true}]}}