{"id":240438,"date":"2025-07-10T16:29:13","date_gmt":"2025-07-10T16:29:13","guid":{"rendered":"https:\/\/www.europesays.com\/fr\/240438\/"},"modified":"2025-07-10T16:29:13","modified_gmt":"2025-07-10T16:29:13","slug":"le-maire-de-nancy-milite-pour-le-retour-dune-liaison-a-bas-prix-vers-paris","status":"publish","type":"post","link":"https:\/\/www.europesays.com\/fr\/240438\/","title":{"rendered":"le maire de Nancy milite pour le retour d&rsquo;une liaison \u00e0 bas prix vers Paris"},"content":{"rendered":"<p>            Par<br \/>\n        <strong><br \/>\n            <a href=\"https:\/\/actu.fr\/auteur\/pierre-emile-bouchy-actu-fr\" title=\"Consulter tous les articles de Paul-Emile Bouchy\" target=\"_blank\" rel=\"noopener\">Paul-Emile Bouchy<\/a><br \/>\n        <\/strong><\/p>\n<p>        Publi\u00e9 le<\/p>\n<p>            10 juil. 2025 \u00e0 17h53        <\/p>\n<p>Depuis d\u00e9cembre\u00a02021, <a href=\"https:\/\/actu.fr\/grand-est\/nancy_54395\/la-liaison-en-tgv-ouigo-entre-nancy-et-paris-officiellement-arretee-voici-ce-qui-la-remplace_47161555.html\" target=\"_blank\" rel=\"noopener\">la liaison en TGV Ouigo entre Nancy et Paris est officiellement arr\u00eat\u00e9e<\/a>. Une r\u00e9elle perte pour les usagers puisque cette ligne permettait de <strong>se rendre \u00e0 la capitale \u00e0 petits prix<\/strong>.<\/p>\n<p class=\" wall-content\">Mercredi 9\u00a0juillet, lors d\u2019une conf\u00e9rence de presse sur le bilan de son mandat, le maire de <a href=\"https:\/\/actu.fr\/grand-est\/nancy_54395\" target=\"_blank\" rel=\"noopener\">Nancy<\/a>, <strong>Mathieu Klein<\/strong>, a indiqu\u00e9 <strong>sa volont\u00e9 de rouvrir cette liaison au plus vite<\/strong>.<\/p>\n<p>Le retour du TGV Ouigo entre Nancy et Paris en 2026\u2009?<\/p>\n<p class=\" wall-content\">Apr\u00e8s <a href=\"https:\/\/actu.fr\/grand-est\/nancy_54395\/sncf-la-ligne-directe-entre-nancy-et-lyon-a-fait-son-grand-retour-dimanche-15-decembre_62008246.html\" target=\"_blank\" rel=\"noopener\">la ligne Nancy-Lyon, rouverte depuis d\u00e9cembre\u00a02024<\/a>, Mathieu Klein s\u2019attelle \u00e0 un nouveau dossier\u2009: <strong>le retour du TGV Ouigo entre Nancy et Paris<\/strong>.<\/p>\n<p class=\" wall-content\">\u00ab\u2009J\u2019ai repris le dialogue avec la <a href=\"https:\/\/actu.fr\/tag\/sncf\" target=\"_blank\" rel=\"noopener\">SNCF<\/a> pour que le Ouigo fasse son retour \u00e0 Nancy, explique-t-il. <strong>Je lui ai demand\u00e9 formellement, au plus tard en 2026, le retour d\u2019au moins un aller-retour quotidien entre Nancy et Paris<\/strong>, pour permettre d\u2019avoir une offre attractive sur le plan tarifaire.\u2009\u00bb<\/p>\n<p class=\" wall-content\">Le maire justifie notamment ce besoin par la forte part d\u2019\u00e9tudiants qui viennent \u00e0 Nancy pour effectuer leurs \u00e9tudes, qui place la cit\u00e9 ducale <a href=\"https:\/\/actu.fr\/grand-est\/nancy_54395\/nancy-dans-le-top-3-des-villes-ou-il-fait-bon-etudier-en-france-d-apres-ce-classement_62878277.html\" target=\"_blank\" rel=\"noopener\">dans le top\u00a03 des villes o\u00f9 il fait bon \u00e9tudier<\/a>.<\/p>\n<p>Vid\u00e9os : en ce moment sur ActuBient\u00f4t des trains de nuit en direction du sud de la France\u2009?<\/p>\n<p class=\" wall-content\">Mathieu Klein est aussi revenu sur la ligne Nancy-Lyon \u00ab\u2009qui rencontre un succ\u00e8s consid\u00e9rable\u2009\u00bb et qui va \u00eatre enrichi d\u2019<strong>un deuxi\u00e8me aller-retour quotidien en d\u00e9cembre\u00a02025<\/strong>\u2009: \u00ab\u2009La SNCF elle-m\u00eame reconna\u00eet que c\u2019est au-del\u00e0 de ses pr\u00e9visions initiales.\u2009\u00bb<\/p>\n<p class=\" wall-content\">La seconde phase est d\u00e9sormais la <a href=\"https:\/\/actu.fr\/grand-est\/nancy_54395\/sncf-apres-lyon-le-grand-nancy-souhaite-relier-d-autres-villes-du-sud-de-la-france-voici-lesquelles_62269893.html\" target=\"_blank\" rel=\"noopener\">cr\u00e9ation d\u2019une ligne vers le sud de la France<\/a>. \u00ab\u2009Prolonger le Nancy-Lyon vers le sud serait une premi\u00e8re \u00e9tape. <strong>Une deuxi\u00e8me \u00e9tape pourrait \u00eatre le retour des trains de nuit<\/strong>\u2009\u00bb, ajoute-t-il.<\/p>\n<p class=\" wall-content\">Pour l\u2019instant, ce projet reste \u00e0 l\u2019\u00e9tude et aucune date d\u2019ouverture n\u2019est d\u00e9finie.<\/p>\n<p class=\" wall-content\">Suivez toute l\u2019actualit\u00e9 de vos villes et m\u00e9dias favoris en vous inscrivant \u00e0 <a href=\"https:\/\/moncompte.actu.fr\" title=\"D\u00e9couvez Mon Actu\" rel=\"nofollow noopener\" data-trk=\"{&quot;cta&quot;:{&quot;action&quot;:&quot;https:\\\/\\\/moncompte.actu.fr&quot;,&quot;category&quot;:&quot;mon compte&quot;,&quot;from&quot;:&quot;article footer&quot;,&quot;name&quot;:&quot;Mon actu&quot;,&quot;type&quot;:&quot;cta&quot;}}\" target=\"_blank\">Mon Actu<\/a>.<\/p>\n","protected":false},"excerpt":{"rendered":"Par Paul-Emile Bouchy Publi\u00e9 le 10 juil. 2025 \u00e0 17h53 Depuis d\u00e9cembre\u00a02021, la liaison en TGV Ouigo entre&hellip;\n","protected":false},"author":2,"featured_media":240439,"comment_status":"","ping_status":"","sticky":false,"template":"","format":"standard","meta":{"footnotes":""},"categories":[9635],"tags":[1111,11,1777,674,1011,27,775,1702,12,23443,25,2215,104,2214],"class_list":{"0":"post-240438","1":"post","2":"type-post","3":"status-publish","4":"format-standard","5":"has-post-thumbnail","7":"category-nancy","8":"tag-actu","9":"tag-actualites","10":"tag-eu","11":"tag-europe","12":"tag-fr","13":"tag-france","14":"tag-grand-est","15":"tag-nancy","16":"tag-news","17":"tag-ouigo","18":"tag-republique-francaise","19":"tag-sncf","20":"tag-societe","21":"tag-tgv"},"share_on_mastodon":{"url":"https:\/\/pubeurope.com\/@fr\/114829889586693018","error":""},"_links":{"self":[{"href":"https:\/\/www.europesays.com\/fr\/wp-json\/wp\/v2\/posts\/240438","targetHints":{"allow":["GET"]}}],"collection":[{"href":"https:\/\/www.europesays.com\/fr\/wp-json\/wp\/v2\/posts"}],"about":[{"href":"https:\/\/www.europesays.com\/fr\/wp-json\/wp\/v2\/types\/post"}],"author":[{"embeddable":true,"href":"https:\/\/www.europesays.com\/fr\/wp-json\/wp\/v2\/users\/2"}],"replies":[{"embeddable":true,"href":"https:\/\/www.europesays.com\/fr\/wp-json\/wp\/v2\/comments?post=240438"}],"version-history":[{"count":0,"href":"https:\/\/www.europesays.com\/fr\/wp-json\/wp\/v2\/posts\/240438\/revisions"}],"wp:featuredmedia":[{"embeddable":true,"href":"https:\/\/www.europesays.com\/fr\/wp-json\/wp\/v2\/media\/240439"}],"wp:attachment":[{"href":"https:\/\/www.europesays.com\/fr\/wp-json\/wp\/v2\/media?parent=240438"}],"wp:term":[{"taxonomy":"category","embeddable":true,"href":"https:\/\/www.europesays.com\/fr\/wp-json\/wp\/v2\/categories?post=240438"},{"taxonomy":"post_tag","embeddable":true,"href":"https:\/\/www.europesays.com\/fr\/wp-json\/wp\/v2\/tags?post=240438"}],"curies":[{"name":"wp","href":"https:\/\/api.w.org\/{rel}","templated":true}]}}