{"id":240454,"date":"2025-07-10T16:38:26","date_gmt":"2025-07-10T16:38:26","guid":{"rendered":"https:\/\/www.europesays.com\/fr\/240454\/"},"modified":"2025-07-10T16:38:26","modified_gmt":"2025-07-10T16:38:26","slug":"seyssinet-pariset-le-seyssinetstival-declenche-les-festivites-de-lete-ce-dimanche","status":"publish","type":"post","link":"https:\/\/www.europesays.com\/fr\/240454\/","title":{"rendered":"Seyssinet-Pariset. Le Seyssinet\u2019stival d\u00e9clenche les festivit\u00e9s de l\u2019\u00e9t\u00e9 ce dimanche"},"content":{"rendered":"<p>Dimanche 13\u00a0juillet, le Seyssinet\u2019stival va siffler le coup d\u2019envoi des festivit\u00e9s de l\u2019\u00e9t\u00e9, dans le parc Lesdigui\u00e8res. Du 13\u00a0juillet au 27\u00a0ao\u00fbt, la municipalit\u00e9 invite les habitants \u00e0 se rendre dans diff\u00e9rents espaces, parcs et b\u00e2timents publics, pour profiter, en famille, entre amis ou voisins, des nombreuses animations et activit\u00e9s organis\u00e9es par les services municipaux et leurs partenaires, durant tout l\u2019\u00e9t\u00e9.<\/p>\n<p>Pour ce premier rendez-vous, un programme riche et ludique pour le bonheur des petits et des grands. Entre 16\u00a0h\u00a030 et 19\u00a0h\u00a030, la ludoth\u00e8que sera hors les murs. Un atelier carton et batuk\u2019carton sera \u00e9galement propos\u00e9 par l\u2019association Force et Carton. \u00c0 17\u00a0h, Reverso pr\u00eatera au public des lunettes pour r\u00eaver de futurs d\u00e9sirables. Puis \u00e0 19\u00a0h\u00a030, les Seyssinettois partageront le traditionnel grand pique-nique r\u00e9publicain, au milieu du parc, en profitant de la buvette. \u00c0 21\u00a0h, la compagnie Toujours plus transportera les habitants \u00e0 Palavas Vegas, pour une m\u00e9ga boum g\u00e9ante. Un feu d\u2019artifice aura ensuite lieu.<\/p>\n","protected":false},"excerpt":{"rendered":"Dimanche 13\u00a0juillet, le Seyssinet\u2019stival va siffler le coup d\u2019envoi des festivit\u00e9s de l\u2019\u00e9t\u00e9, dans le parc Lesdigui\u00e8res. Du&hellip;\n","protected":false},"author":2,"featured_media":240455,"comment_status":"","ping_status":"","sticky":false,"template":"","format":"standard","meta":{"footnotes":""},"categories":[9566],"tags":[1111,11,2430,1687,112,1777,674,3326,1011,27,2731,12278,12,25,16735],"class_list":{"0":"post-240454","1":"post","2":"type-post","3":"status-publish","4":"format-standard","5":"has-post-thumbnail","7":"category-grenoble","8":"tag-actu","9":"tag-actualites","10":"tag-auvergne-rhone-alpes","11":"tag-culture-loisirs","12":"tag-edition-grenoble-agglomeration","13":"tag-eu","14":"tag-europe","15":"tag-fete-locale","16":"tag-fr","17":"tag-france","18":"tag-grenoble","19":"tag-lagglomeration-et-le-vercors","20":"tag-news","21":"tag-republique-francaise","22":"tag-seyssinet-pariset"},"share_on_mastodon":{"url":"https:\/\/pubeurope.com\/@fr\/114829924982699851","error":""},"_links":{"self":[{"href":"https:\/\/www.europesays.com\/fr\/wp-json\/wp\/v2\/posts\/240454","targetHints":{"allow":["GET"]}}],"collection":[{"href":"https:\/\/www.europesays.com\/fr\/wp-json\/wp\/v2\/posts"}],"about":[{"href":"https:\/\/www.europesays.com\/fr\/wp-json\/wp\/v2\/types\/post"}],"author":[{"embeddable":true,"href":"https:\/\/www.europesays.com\/fr\/wp-json\/wp\/v2\/users\/2"}],"replies":[{"embeddable":true,"href":"https:\/\/www.europesays.com\/fr\/wp-json\/wp\/v2\/comments?post=240454"}],"version-history":[{"count":0,"href":"https:\/\/www.europesays.com\/fr\/wp-json\/wp\/v2\/posts\/240454\/revisions"}],"wp:featuredmedia":[{"embeddable":true,"href":"https:\/\/www.europesays.com\/fr\/wp-json\/wp\/v2\/media\/240455"}],"wp:attachment":[{"href":"https:\/\/www.europesays.com\/fr\/wp-json\/wp\/v2\/media?parent=240454"}],"wp:term":[{"taxonomy":"category","embeddable":true,"href":"https:\/\/www.europesays.com\/fr\/wp-json\/wp\/v2\/categories?post=240454"},{"taxonomy":"post_tag","embeddable":true,"href":"https:\/\/www.europesays.com\/fr\/wp-json\/wp\/v2\/tags?post=240454"}],"curies":[{"name":"wp","href":"https:\/\/api.w.org\/{rel}","templated":true}]}}