{"id":240464,"date":"2025-07-10T16:43:10","date_gmt":"2025-07-10T16:43:10","guid":{"rendered":"https:\/\/www.europesays.com\/fr\/240464\/"},"modified":"2025-07-10T16:43:10","modified_gmt":"2025-07-10T16:43:10","slug":"rc-strasbourg-le-rcsa-signe-35-ans-avec-la-meinau","status":"publish","type":"post","link":"https:\/\/www.europesays.com\/fr\/240464\/","title":{"rendered":"RC Strasbourg. Le RCSA signe 35 ans avec la Meinau"},"content":{"rendered":"<p><img fetchpriority=\"high\" decoding=\"async\" width=\"620\" height=\"413\" src=\"https:\/\/www.europesays.com\/fr\/wp-content\/uploads\/2025\/07\/stade-La-Meinau-3-620x413.jpg\" alt=\"RC Strasbourg. Le RCSA signe 35 ans avec la Meinau\" class=\"wp-image-369264\"  \/>Le RC Strasbourg s\u2019installe \u00e0 tr\u00e8s long terme dans son stade la Meinau.<\/p>\n<p>Le <a href=\"https:\/\/sportune.20minutes.fr\/rc-strasbourg-rcsa\" target=\"_blank\" rel=\"noopener\">Racing Club Strasbourg Alsace<\/a> disposera du stade de la Meinau jusqu\u2019en 2059. Marc Keller, pr\u00e9sident du club, et Pia Imbs, pr\u00e9sidente de l\u2019Eurom\u00e9tropole de Strasbourg, ont paraph\u00e9 ce week-end, la convention d\u2019occupation de l\u2019enceinte alsacienne pour une dur\u00e9e de 35 ans.<\/p>\n<p>Un bail de tr\u00e8s longue dur\u00e9e alors que la Meinau poursuit sa mue<\/p>\n<p>La c\u00e9r\u00e9monie s\u2019est d\u00e9roul\u00e9e en pr\u00e9sence de Suzanne Brolly, vice-pr\u00e9sidente de l\u2019Eurom\u00e9tropole, et d\u2019Alain Plet, directeur g\u00e9n\u00e9ral du <a href=\"https:\/\/sportune.20minutes.fr\/rc-strasbourg-rcsa\" target=\"_blank\" rel=\"noopener\">RCSA<\/a>. Ce nouveau contrat fait suite \u00e0 la validation du conseil eurom\u00e9tropolitain du 28 juin dernier. L\u2019accord intervient alors que le stade traverse une phase de transformation majeure. Entam\u00e9s en mai 2023, les travaux de r\u00e9novation pr\u00e9voient la livraison de la Tribune Sud pour le d\u00e9but de la saison 2024-2025 en ao\u00fbt (<a href=\"https:\/\/sportune.20minutes.fr\/rc-strasbourg-visite-en-images-du-futur-stade-la-meinau-a-32-000-places-369213\" target=\"_blank\" rel=\"noopener\">voir ici les images<\/a>).<\/p>\n<p>La modernisation se poursuivra par \u00e9tapes jusqu\u2019\u00e0 l\u2019\u00e9t\u00e9 2026. Les tribunes Nord et Est, ainsi que la Fanzone, b\u00e9n\u00e9ficieront \u00e0 leur tour d\u2019am\u00e9nagements. L\u2019Eurom\u00e9tropole, propri\u00e9taire du stade, pilote ces travaux de modernisation de l\u2019infrastructure sportive strasbourgeoise.<\/p>\n","protected":false},"excerpt":{"rendered":"Le RC Strasbourg s\u2019installe \u00e0 tr\u00e8s long terme dans son stade la Meinau. Le Racing Club Strasbourg Alsace&hellip;\n","protected":false},"author":2,"featured_media":240465,"comment_status":"","ping_status":"","sticky":false,"template":"","format":"standard","meta":{"footnotes":""},"categories":[2820],"tags":[1111,11,1777,674,1011,27,775,12,4448,25,640],"class_list":{"0":"post-240464","1":"post","2":"type-post","3":"status-publish","4":"format-standard","5":"has-post-thumbnail","7":"category-strasbourg","8":"tag-actu","9":"tag-actualites","10":"tag-eu","11":"tag-europe","12":"tag-fr","13":"tag-france","14":"tag-grand-est","15":"tag-news","16":"tag-rc-strasbourg","17":"tag-republique-francaise","18":"tag-strasbourg"},"share_on_mastodon":{"url":"https:\/\/pubeurope.com\/@fr\/114829944685994990","error":""},"_links":{"self":[{"href":"https:\/\/www.europesays.com\/fr\/wp-json\/wp\/v2\/posts\/240464","targetHints":{"allow":["GET"]}}],"collection":[{"href":"https:\/\/www.europesays.com\/fr\/wp-json\/wp\/v2\/posts"}],"about":[{"href":"https:\/\/www.europesays.com\/fr\/wp-json\/wp\/v2\/types\/post"}],"author":[{"embeddable":true,"href":"https:\/\/www.europesays.com\/fr\/wp-json\/wp\/v2\/users\/2"}],"replies":[{"embeddable":true,"href":"https:\/\/www.europesays.com\/fr\/wp-json\/wp\/v2\/comments?post=240464"}],"version-history":[{"count":0,"href":"https:\/\/www.europesays.com\/fr\/wp-json\/wp\/v2\/posts\/240464\/revisions"}],"wp:featuredmedia":[{"embeddable":true,"href":"https:\/\/www.europesays.com\/fr\/wp-json\/wp\/v2\/media\/240465"}],"wp:attachment":[{"href":"https:\/\/www.europesays.com\/fr\/wp-json\/wp\/v2\/media?parent=240464"}],"wp:term":[{"taxonomy":"category","embeddable":true,"href":"https:\/\/www.europesays.com\/fr\/wp-json\/wp\/v2\/categories?post=240464"},{"taxonomy":"post_tag","embeddable":true,"href":"https:\/\/www.europesays.com\/fr\/wp-json\/wp\/v2\/tags?post=240464"}],"curies":[{"name":"wp","href":"https:\/\/api.w.org\/{rel}","templated":true}]}}