{"id":240466,"date":"2025-07-10T16:44:10","date_gmt":"2025-07-10T16:44:10","guid":{"rendered":"https:\/\/www.europesays.com\/fr\/240466\/"},"modified":"2025-07-10T16:44:10","modified_gmt":"2025-07-10T16:44:10","slug":"nice-frejus-toulon-quelles-sont-les-villes-des-alpes-maritimes-et-du-var-preferees-pour-le-covoiturage","status":"publish","type":"post","link":"https:\/\/www.europesays.com\/fr\/240466\/","title":{"rendered":"Nice, Fr\u00e9jus, Toulon&#8230; Quelles sont les villes des Alpes-Maritimes et du Var pr\u00e9f\u00e9r\u00e9es pour le covoiturage?"},"content":{"rendered":"<p>Nice, Fr\u00e9jus et Toulon figurent parmi les villes les plus emprunt\u00e9es de la C\u00f4te d\u2019Azur sur BlaBlaCar cet \u00e9t\u00e9. Tour d\u2019horizon des tendances dans les Alpes-Maritimes et le Var.<\/p>\n<p><strong>Nice garde la main, malgr\u00e9 un recul<\/strong><\/p>\n<p>Avec sa <strong>26e place nationale<\/strong>, <strong>Nice<\/strong> reste <strong>la ville la plus covoitur\u00e9e de la C\u00f4te d\u2019Azur<\/strong>, selon le classement estival 2025 d\u00e9voil\u00e9 par BlaBlaCar. Elle recule n\u00e9anmoins de <strong>quatre rangs<\/strong> par rapport \u00e0 2024. Malgr\u00e9 cette baisse, la capitale azur\u00e9enne reste un <strong>point n\u00e9vralgique<\/strong> pour les voyageurs \u00e0 la recherche de solutions \u00e9conomiques et durables.<\/p>\n<p><strong>Fr\u00e9jus et Toulon en l\u00e9g\u00e8re progression<\/strong><\/p>\n<p>Dans le Var, <strong>Fr\u00e9jus<\/strong> gagne une place au classement national et atteint la <strong>87e position<\/strong>, tandis que <strong>Toulon<\/strong> grimpe de deux rangs pour se classer <strong>46e<\/strong>. Des \u00e9volutions modestes, mais r\u00e9v\u00e9latrices d\u2019une <strong>demande croissante<\/strong> pour des trajets partag\u00e9s au d\u00e9part ou \u00e0 destination du littoral varois, notamment en haute saison.<\/p>\n<p><strong>Une offre qui se structure sur la C\u00f4te<\/strong><\/p>\n<p>Sur l\u2019ensemble de la r\u00e9gion Provence-Alpes-C\u00f4te d\u2019Azur, plus de <strong>132 000 places<\/strong> de covoiturage sont propos\u00e9es cet \u00e9t\u00e9 sur BlaBlaCar. Un chiffre cons\u00e9quent, soutenu par une <strong>offre compl\u00e9mentaire de bus<\/strong> longue distance, reliant notamment la r\u00e9gion \u00e0 <strong>Paris, Nantes, Dijon, Tours ou Bruxelles<\/strong>. Autant d&rsquo;alternatives\u00a0aux transports en commun qui s\u00e9duisent un public de plus en plus attentif \u00e0 son budget&#8230; et \u00e0 son empreinte carbone.<\/p>\n","protected":false},"excerpt":{"rendered":"Nice, Fr\u00e9jus et Toulon figurent parmi les villes les plus emprunt\u00e9es de la C\u00f4te d\u2019Azur sur BlaBlaCar cet&hellip;\n","protected":false},"author":2,"featured_media":240467,"comment_status":"","ping_status":"","sticky":false,"template":"","format":"standard","meta":{"footnotes":""},"categories":[2819],"tags":[1111,11,1777,674,1011,27,12,2401,882,25,800],"class_list":{"0":"post-240466","1":"post","2":"type-post","3":"status-publish","4":"format-standard","5":"has-post-thumbnail","7":"category-nice","8":"tag-actu","9":"tag-actualites","10":"tag-eu","11":"tag-europe","12":"tag-fr","13":"tag-france","14":"tag-news","15":"tag-nice","16":"tag-provence-alpes-cote-dazur","17":"tag-republique-francaise","18":"tag-transports"},"share_on_mastodon":{"url":"https:\/\/pubeurope.com\/@fr\/114829948527027770","error":""},"_links":{"self":[{"href":"https:\/\/www.europesays.com\/fr\/wp-json\/wp\/v2\/posts\/240466","targetHints":{"allow":["GET"]}}],"collection":[{"href":"https:\/\/www.europesays.com\/fr\/wp-json\/wp\/v2\/posts"}],"about":[{"href":"https:\/\/www.europesays.com\/fr\/wp-json\/wp\/v2\/types\/post"}],"author":[{"embeddable":true,"href":"https:\/\/www.europesays.com\/fr\/wp-json\/wp\/v2\/users\/2"}],"replies":[{"embeddable":true,"href":"https:\/\/www.europesays.com\/fr\/wp-json\/wp\/v2\/comments?post=240466"}],"version-history":[{"count":0,"href":"https:\/\/www.europesays.com\/fr\/wp-json\/wp\/v2\/posts\/240466\/revisions"}],"wp:featuredmedia":[{"embeddable":true,"href":"https:\/\/www.europesays.com\/fr\/wp-json\/wp\/v2\/media\/240467"}],"wp:attachment":[{"href":"https:\/\/www.europesays.com\/fr\/wp-json\/wp\/v2\/media?parent=240466"}],"wp:term":[{"taxonomy":"category","embeddable":true,"href":"https:\/\/www.europesays.com\/fr\/wp-json\/wp\/v2\/categories?post=240466"},{"taxonomy":"post_tag","embeddable":true,"href":"https:\/\/www.europesays.com\/fr\/wp-json\/wp\/v2\/tags?post=240466"}],"curies":[{"name":"wp","href":"https:\/\/api.w.org\/{rel}","templated":true}]}}