{"id":240470,"date":"2025-07-10T16:46:12","date_gmt":"2025-07-10T16:46:12","guid":{"rendered":"https:\/\/www.europesays.com\/fr\/240470\/"},"modified":"2025-07-10T16:46:12","modified_gmt":"2025-07-10T16:46:12","slug":"ce-bouillon-du-centre-ville-veut-devenir-une-institution-nantaise","status":"publish","type":"post","link":"https:\/\/www.europesays.com\/fr\/240470\/","title":{"rendered":"ce bouillon du centre-ville veut \u00ab\u00a0devenir une institution nantaise\u00a0\u00bb"},"content":{"rendered":"<p>            Par<br \/>\n        <strong><br \/>\n            <a href=\"https:\/\/actu.fr\/auteur\/laure-gentil\" title=\"Consulter tous les articles de Laure Gentil\" rel=\"nofollow noopener\" target=\"_blank\">Laure Gentil<\/a><br \/>\n        <\/strong><\/p>\n<p>        Publi\u00e9 le<\/p>\n<p>            10 juil. 2025 \u00e0 17h55        <\/p>\n<p>C\u2019est sous un soleil radieux qu\u2019<strong>Adrien,<\/strong> restaurateur, et son ami cuisinier, <strong>Mathieu,<\/strong> nous accueillent, rue de la Paix, dans leur bouillon. Il s\u2019agit du deuxi\u00e8me restaurant de ce type \u00e0 s\u2019installer \u00e0 Nantes.<\/p>\n<p class=\" wall-content\">Ouvert depuis le 30\u00a0mai, le <strong>Bouillon de la Paix<\/strong> ne d\u00e9semplit pas. Leur objectif est clair\u2009: \u00ab\u2009asseoir le restaurant de mani\u00e8re p\u00e9renne\u2009\u00bb.<\/p>\n<p>\u00ab\u2009Toutes les villes ont un bouillon\u2009\u00bb<\/p>\n<p class=\" wall-content\">Adrien est restaurateur depuis vingt ans, Mathieu est <strong>cuisinier depuis vingt-cinq ans<\/strong> et a travaill\u00e9 pour un \u00e9toil\u00e9 Michelin dans <a href=\"https:\/\/actu.fr\/strasbourg\/\" rel=\"nofollow noopener\" target=\"_blank\">l\u2019est de la France<\/a>. Tous deux se sont rencontr\u00e9s \u00e0 Paris et sont amis. C\u2019est donc ensemble qu\u2019ils ont d\u00e9cid\u00e9 de cr\u00e9er <strong>le Bouillon de la Paix.<\/strong><\/p>\n<p>    <img   decoding=\"async\" loading=\"lazy\" src=\"https:\/\/www.europesays.com\/fr\/wp-content\/uploads\/2025\/07\/nantes-bouillon-de-la-paix-5-960x640.jpeg\" alt=\"Adrien et Mathieu veulent que le Bouillon s'inscrire dans la dur\u00e9e.\" width=\"960\" height=\"640\"\/><br \/>\n    Adrien et Mathieu veulent que le Bouillon s\u2019inscrive dans la dur\u00e9e. (\u00a9Laure Gentil \/ actu Nantes)<\/p>\n<p class=\" wall-content\">L\u2019\u00e9pouse d\u2019Adrien \u00e9tant Nantaise, le choix de la cit\u00e9 des ducs de Bretagne pour installer leur affaire s\u2019est impos\u00e9 naturellement. Pendant trois ans, les deux hommes ont fait des allers-retours \u00e0 Nantes \u00ab\u2009pour cr\u00e9er du lien\u2009\u00bb.<\/p>\n<blockquote class=\"ac-article-quote wall-content\">\n<p>On avait la m\u00eame optique, le m\u00eame bilan sur la restauration parisienne. On \u00e9tait un peu nombreux en termes de restaurants. On pensait qu&rsquo;il y avait plus de choses \u00e0 faire ailleurs d&rsquo;o\u00f9 la volont\u00e9 de quitter Paris. <\/p>\n<p>    <strong>Mathieu<\/strong>\n            <\/p><\/blockquote>\n<p class=\" wall-content\">Les deux hommes d\u00e9cident d\u2019ouvrir un bouillon. \u00ab\u2009Il y avait <strong>un engouement,<\/strong> c\u2019est une <strong>brasserie populaire pas ch\u00e8re<\/strong> et en ces temps d\u2019inflation et de baisse du pouvoir d\u2019achat, le bouillon attire\u2009\u00bb, remarque Adrien. Cet \u00ab\u2009engouement\u2009\u00bb a permis l\u2019ouverture de deux \u00e9tablissements\u2009: <strong>le Bouillon Gloriette<\/strong> et le Bouillon de la Paix.<\/p>\n<p>    <img   decoding=\"async\" loading=\"lazy\" src=\"https:\/\/www.europesays.com\/fr\/wp-content\/uploads\/2025\/07\/nantes-bouillon-de-la-paix-4-960x640.jpeg\" alt=\"Il est possible de s'installer en terrasse.\" width=\"960\" height=\"640\"\/><br \/>\n    Il est possible de s\u2019installer en terrasse. (\u00a9Laure Gentil \/ actu Nantes)<\/p>\n<p class=\" wall-content\">\u00ab\u2009Toutes les villes de France ont un bouillon\u2009! C\u2019\u00e9tait assez bizarre que Nantes n\u2019en ait pas\u2009\u00bb, explique de son c\u00f4t\u00e9 Mathieu. \u00ab<strong>\u2009Nantes \u00e9tait l\u2019exception, elle \u00e9tait en retard\u2009<\/strong>\u00bb.<\/p>\n<p>Une cuisine simple, de saison et pas ch\u00e8re<\/p>\n<p class=\" wall-content\">Le principe du bouillon est simple\u2009: proposer des plats fran\u00e7ais, abordables, \u00ab\u2009faits maison\u2009\u00bb, avec des fruits et des l\u00e9gumes de saison. \u00ab\u2009Il y a certains plats qu\u2019on peut faire et d\u2019autres non, du fait du prix\u2009\u00bb, admet Mathieu. \u00ab\u2009On ne pourra pas faire de Saint-Jacques\u2009\u00bb, sourit Adrien.<\/p>\n<blockquote class=\"ac-article-quote wall-content\">\n<p>Il faut \u00eatre tr\u00e8s concentr\u00e9 sur la gestion, on travaille avec des prix tellement bas que les marges sont \u00e9triqu\u00e9es au maximum et il faut \u00eatre vigilant.<\/p>\n<p>    <strong>Mathieu<\/strong>\n            <\/p><\/blockquote>\n<p class=\" wall-content\">B\u0153uf fondant avec coquillettes, supr\u00eame de poulet avec frites, saucisse pur\u00e9e\u2026 Il y en a pour tous les go\u00fbts. Il y a m\u00eame des <strong>options v\u00e9g\u00e9tariennes, v\u00e9gan et sans gluten.<\/strong> En ce moment, en cuisine, Mathieu et Adrien testent les profiteroles et cherchent la bonne recette pour que le dessert soit \u00e0 un prix raisonnable.<\/p>\n<p>    <img   decoding=\"async\" loading=\"lazy\" src=\"https:\/\/www.europesays.com\/fr\/wp-content\/uploads\/2025\/07\/nantes-bouillon-de-la-paix-3-960x640.jpeg\" alt=\"\u00c0 la mi-septembre, le Bouillon sera ouvert sept jours sur sept\" width=\"960\" height=\"640\"\/><br \/>\n    \u00c0 la mi-septembre, le Bouillon sera ouvert sept jours sur sept (\u00a9Laure Gentil \/ actu Nantes)<\/p>\n<p class=\" wall-content\"><strong>\u00ab\u2009C\u2019est une cuisine assez simple\u2009\u00bb,<\/strong> reconna\u00eet Mathieu. Mais selon lui, dans un bon restaurant \u00ab\u2009il faut pouvoir accueillir tout le monde\u2009\u00bb, quel que soit le budget.<\/p>\n<p class=\" wall-content\">D\u00e9j\u00e0 des Nantais ont pris leurs habitudes et reviennent r\u00e9guli\u00e8rement au Bouillon de la Paix. Le fondant au chocolat est un favori des clients. \u00ab\u2009On veut devenir une institution nantaise\u2009\u00bb, insiste Mathieu.<\/p>\n<p>    <img   decoding=\"async\" loading=\"lazy\" src=\"https:\/\/www.europesays.com\/fr\/wp-content\/uploads\/2025\/07\/nantes-bouillon-de-la-paix-6-960x640.jpeg\" alt=\"Le Bouillon de la Paix a ouvert fin mai.\" width=\"960\" height=\"640\"\/><br \/>\n    Le Bouillon de la Paix a ouvert fin mai. (\u00a9Laure Gentil \/ actu Nantes)<\/p>\n<p class=\" wall-content\">La prochaine \u00e9tape \u00e0 franchir pour les deux hommes aura lieu \u00e0 la mi-septembre\u2009: le Bouillon de la Paix<strong> restera ouvert 7\u00a0jours sur 7.<\/strong><\/p>\n<p>Infos pratiques\u2009: 8 rue de la Paix. Pas de r\u00e9servation possible. Ouvert du mardi au jeudi de 12\u2009h \u00e0 14\u2009h et de 19\u2009h \u00e0 22\u2009h et les vendredis et samedi jusqu\u2019\u00e0 minuit.<\/p>\n<p class=\" wall-content\">Suivez toute l\u2019actualit\u00e9 de vos villes et m\u00e9dias favoris en vous inscrivant \u00e0 <a href=\"https:\/\/moncompte.actu.fr\" title=\"D\u00e9couvez Mon Actu\" rel=\"nofollow noopener\" data-trk=\"{&quot;cta&quot;:{&quot;action&quot;:&quot;https:\\\/\\\/moncompte.actu.fr&quot;,&quot;category&quot;:&quot;mon compte&quot;,&quot;from&quot;:&quot;article footer&quot;,&quot;name&quot;:&quot;Mon actu&quot;,&quot;type&quot;:&quot;cta&quot;}}\" target=\"_blank\">Mon Actu<\/a>.<\/p>\n","protected":false},"excerpt":{"rendered":"Par Laure Gentil Publi\u00e9 le 10 juil. 2025 \u00e0 17h55 C\u2019est sous un soleil radieux qu\u2019Adrien, restaurateur, et&hellip;\n","protected":false},"author":2,"featured_media":240471,"comment_status":"","ping_status":"","sticky":false,"template":"","format":"standard","meta":{"footnotes":""},"categories":[2818],"tags":[1111,11,215,1777,674,1011,27,1305,766,12,3147,2636,25,1340],"class_list":{"0":"post-240470","1":"post","2":"type-post","3":"status-publish","4":"format-standard","5":"has-post-thumbnail","7":"category-nantes","8":"tag-actu","9":"tag-actualites","10":"tag-commerce","11":"tag-eu","12":"tag-europe","13":"tag-fr","14":"tag-france","15":"tag-lifestyle","16":"tag-nantes","17":"tag-news","18":"tag-nouveaux-commerces","19":"tag-pays-de-la-loire","20":"tag-republique-francaise","21":"tag-restaurant"},"share_on_mastodon":{"url":"https:\/\/pubeurope.com\/@fr\/114829956652447246","error":""},"_links":{"self":[{"href":"https:\/\/www.europesays.com\/fr\/wp-json\/wp\/v2\/posts\/240470","targetHints":{"allow":["GET"]}}],"collection":[{"href":"https:\/\/www.europesays.com\/fr\/wp-json\/wp\/v2\/posts"}],"about":[{"href":"https:\/\/www.europesays.com\/fr\/wp-json\/wp\/v2\/types\/post"}],"author":[{"embeddable":true,"href":"https:\/\/www.europesays.com\/fr\/wp-json\/wp\/v2\/users\/2"}],"replies":[{"embeddable":true,"href":"https:\/\/www.europesays.com\/fr\/wp-json\/wp\/v2\/comments?post=240470"}],"version-history":[{"count":0,"href":"https:\/\/www.europesays.com\/fr\/wp-json\/wp\/v2\/posts\/240470\/revisions"}],"wp:featuredmedia":[{"embeddable":true,"href":"https:\/\/www.europesays.com\/fr\/wp-json\/wp\/v2\/media\/240471"}],"wp:attachment":[{"href":"https:\/\/www.europesays.com\/fr\/wp-json\/wp\/v2\/media?parent=240470"}],"wp:term":[{"taxonomy":"category","embeddable":true,"href":"https:\/\/www.europesays.com\/fr\/wp-json\/wp\/v2\/categories?post=240470"},{"taxonomy":"post_tag","embeddable":true,"href":"https:\/\/www.europesays.com\/fr\/wp-json\/wp\/v2\/tags?post=240470"}],"curies":[{"name":"wp","href":"https:\/\/api.w.org\/{rel}","templated":true}]}}