{"id":240492,"date":"2025-07-10T16:57:11","date_gmt":"2025-07-10T16:57:11","guid":{"rendered":"https:\/\/www.europesays.com\/fr\/240492\/"},"modified":"2025-07-10T16:57:11","modified_gmt":"2025-07-10T16:57:11","slug":"municipales-2026-tout-comprendre-a-la-reforme-des-elections-a-lyon","status":"publish","type":"post","link":"https:\/\/www.europesays.com\/fr\/240492\/","title":{"rendered":"Municipales 2026. Tout comprendre \u00e0 la r\u00e9forme des \u00e9lections \u00e0 Lyon"},"content":{"rendered":"<p>                            Pourquoi cette r\u00e9forme\u00a0?<\/p>\n<p>La raison d\u2019\u00eatre de la r\u00e9forme PLM (Paris \u2013 Lyon \u2013 Marseille) &#8211; qui vient d\u2019\u00eatre adopt\u00e9e par l\u2019Assembl\u00e9e nationale en seconde lecture &#8211; est une ancienne loi au nom presque similaire\u00a0: la loi PML (Paris \u2013 Marseille \u2013 Lyon). Adopt\u00e9 en 1982, ce texte l\u00e9gislatif a accord\u00e9 un statut \u00e9lectoral particulier aux trois plus grandes villes de France afin de tenir compte de leur sp\u00e9cificit\u00e9\u00a0: leur d\u00e9coupage en arrondissements.<\/p>\n<p>Depuis plus de quarante ans, les \u00e9lections municipales ne s\u2019y d\u00e9roulent, ainsi, plus au suffrage universel direct. Elles se jouent par arrondissements ou groupes d\u2019arrondissements dont le poids politique est index\u00e9 sur le nombre d\u2019habitants. Et c\u2019est celui ou celle qui parvient \u00e0 obtenir le plus grand nombre d\u2019arrondissements cl\u00e9s qui remporte la mairie centrale. Exactement comme le syst\u00e8me des grands \u00e9lecteurs de&#8230;<\/p>\n","protected":false},"excerpt":{"rendered":"Pourquoi cette r\u00e9forme\u00a0? La raison d\u2019\u00eatre de la r\u00e9forme PLM (Paris \u2013 Lyon \u2013 Marseille) &#8211; qui vient&hellip;\n","protected":false},"author":2,"featured_media":240493,"comment_status":"","ping_status":"","sticky":false,"template":"","format":"standard","meta":{"footnotes":""},"categories":[1889],"tags":[1111,11,2430,2757,36284,4188,1777,674,107,1011,27,937,2428,2756,12,316,25,2429,104],"class_list":{"0":"post-240492","1":"post","2":"type-post","3":"status-publish","4":"format-standard","5":"has-post-thumbnail","7":"category-lyon","8":"tag-actu","9":"tag-actualites","10":"tag-auvergne-rhone-alpes","11":"tag-edition-lyon-villeurbanne","12":"tag-elections-metropolitaines","13":"tag-elections-municipales","14":"tag-eu","15":"tag-europe","16":"tag-fil-info","17":"tag-fr","18":"tag-france","19":"tag-histoire","20":"tag-lyon","21":"tag-lyon-bassin","22":"tag-news","23":"tag-politique","24":"tag-republique-francaise","25":"tag-rhone","26":"tag-societe"},"share_on_mastodon":{"url":"https:\/\/pubeurope.com\/@fr\/114829999633953071","error":""},"_links":{"self":[{"href":"https:\/\/www.europesays.com\/fr\/wp-json\/wp\/v2\/posts\/240492","targetHints":{"allow":["GET"]}}],"collection":[{"href":"https:\/\/www.europesays.com\/fr\/wp-json\/wp\/v2\/posts"}],"about":[{"href":"https:\/\/www.europesays.com\/fr\/wp-json\/wp\/v2\/types\/post"}],"author":[{"embeddable":true,"href":"https:\/\/www.europesays.com\/fr\/wp-json\/wp\/v2\/users\/2"}],"replies":[{"embeddable":true,"href":"https:\/\/www.europesays.com\/fr\/wp-json\/wp\/v2\/comments?post=240492"}],"version-history":[{"count":0,"href":"https:\/\/www.europesays.com\/fr\/wp-json\/wp\/v2\/posts\/240492\/revisions"}],"wp:featuredmedia":[{"embeddable":true,"href":"https:\/\/www.europesays.com\/fr\/wp-json\/wp\/v2\/media\/240493"}],"wp:attachment":[{"href":"https:\/\/www.europesays.com\/fr\/wp-json\/wp\/v2\/media?parent=240492"}],"wp:term":[{"taxonomy":"category","embeddable":true,"href":"https:\/\/www.europesays.com\/fr\/wp-json\/wp\/v2\/categories?post=240492"},{"taxonomy":"post_tag","embeddable":true,"href":"https:\/\/www.europesays.com\/fr\/wp-json\/wp\/v2\/tags?post=240492"}],"curies":[{"name":"wp","href":"https:\/\/api.w.org\/{rel}","templated":true}]}}