{"id":24051,"date":"2025-04-14T10:46:10","date_gmt":"2025-04-14T10:46:10","guid":{"rendered":"https:\/\/www.europesays.com\/fr\/24051\/"},"modified":"2025-04-14T10:46:10","modified_gmt":"2025-04-14T10:46:10","slug":"lyon-vous-cherchez-a-changer-de-carriere-le-salon-de-levolution-professionnelle-se-tient-ce-jeudi-17-avril","status":"publish","type":"post","link":"https:\/\/www.europesays.com\/fr\/24051\/","title":{"rendered":"Lyon. Vous cherchez \u00e0 changer de carri\u00e8re\u00a0? Le Salon de l\u2019\u00e9volution professionnelle se tient ce jeudi 17\u00a0avril"},"content":{"rendered":"<p>Le Salon de l\u2019\u00e9volution et de la transition professionnelle revient pour sa quatri\u00e8me \u00e9dition le jeudi 17\u00a0avril \u00e0 l\u2019h\u00f4tel de ville de Lyon. Organis\u00e9 par le CIBC Rh\u00f4ne et Transitions Pro Auvergne Rh\u00f4ne-Alpes, cet \u00e9v\u00e9nement rassemble plus de 60 acteurs majeurs de l\u2019emploi et de la formation. Salari\u00e9s, ind\u00e9pendants ou demandeurs d\u2019emploi pourront explorer les dispositifs de reconversion, rencontrer des experts et d\u00e9couvrir les secteurs qui recrutent dans la r\u00e9gion.<\/p>\n<p>  Conf\u00e9rences et accompagnement sur mesure<\/p>\n<p>Au programme\u00a0: 19 conf\u00e9rences autour de th\u00e8mes vari\u00e9s tels que l\u2019entrepreneuriat, le d\u00e9veloppement personnel et les m\u00e9tiers d\u2019avenir.<\/p>\n<p>Les visiteurs auront \u00e9galement acc\u00e8s \u00e0 des stands pour obtenir des conseils personnalis\u00e9s et avancer dans leurs projets professionnels. L\u2019entr\u00e9e est gratuite, mais la r\u00e9servation est conseill\u00e9e pour les conf\u00e9rences.<\/p>\n<p class=\"note\">Jeudi 17\u00a0avril 2025, de 9 \u00e0 18 heures. 1 Pl. de la Com\u00e9die, 69001 Lyon. Plus d\u2019informations sur <a href=\"https:\/\/www.salonevolutionpro.fr\/\" target=\"_blank\" rel=\"nofollow noopener\">www.salonevolutionpro.fr<\/a>.<\/p>\n","protected":false},"excerpt":{"rendered":"Le Salon de l\u2019\u00e9volution et de la transition professionnelle revient pour sa quatri\u00e8me \u00e9dition le jeudi 17\u00a0avril \u00e0&hellip;\n","protected":false},"author":2,"featured_media":24052,"comment_status":"","ping_status":"","sticky":false,"template":"","format":"standard","meta":{"footnotes":""},"categories":[1889],"tags":[1111,11,2430,2757,341,1777,674,1011,27,2428,2756,12,25,2429,801],"class_list":{"0":"post-24051","1":"post","2":"type-post","3":"status-publish","4":"format-standard","5":"has-post-thumbnail","7":"category-lyon","8":"tag-actu","9":"tag-actualites","10":"tag-auvergne-rhone-alpes","11":"tag-edition-lyon-villeurbanne","12":"tag-emploi","13":"tag-eu","14":"tag-europe","15":"tag-fr","16":"tag-france","17":"tag-lyon","18":"tag-lyon-bassin","19":"tag-news","20":"tag-republique-francaise","21":"tag-rhone","22":"tag-social"},"share_on_mastodon":{"url":"https:\/\/pubeurope.com\/@fr\/114335920131267982","error":""},"_links":{"self":[{"href":"https:\/\/www.europesays.com\/fr\/wp-json\/wp\/v2\/posts\/24051","targetHints":{"allow":["GET"]}}],"collection":[{"href":"https:\/\/www.europesays.com\/fr\/wp-json\/wp\/v2\/posts"}],"about":[{"href":"https:\/\/www.europesays.com\/fr\/wp-json\/wp\/v2\/types\/post"}],"author":[{"embeddable":true,"href":"https:\/\/www.europesays.com\/fr\/wp-json\/wp\/v2\/users\/2"}],"replies":[{"embeddable":true,"href":"https:\/\/www.europesays.com\/fr\/wp-json\/wp\/v2\/comments?post=24051"}],"version-history":[{"count":0,"href":"https:\/\/www.europesays.com\/fr\/wp-json\/wp\/v2\/posts\/24051\/revisions"}],"wp:featuredmedia":[{"embeddable":true,"href":"https:\/\/www.europesays.com\/fr\/wp-json\/wp\/v2\/media\/24052"}],"wp:attachment":[{"href":"https:\/\/www.europesays.com\/fr\/wp-json\/wp\/v2\/media?parent=24051"}],"wp:term":[{"taxonomy":"category","embeddable":true,"href":"https:\/\/www.europesays.com\/fr\/wp-json\/wp\/v2\/categories?post=24051"},{"taxonomy":"post_tag","embeddable":true,"href":"https:\/\/www.europesays.com\/fr\/wp-json\/wp\/v2\/tags?post=24051"}],"curies":[{"name":"wp","href":"https:\/\/api.w.org\/{rel}","templated":true}]}}