{"id":240511,"date":"2025-07-10T17:08:17","date_gmt":"2025-07-10T17:08:17","guid":{"rendered":"https:\/\/www.europesays.com\/fr\/240511\/"},"modified":"2025-07-10T17:08:17","modified_gmt":"2025-07-10T17:08:17","slug":"vivre-un-stage-unique-entre-la-france-et-lallemagne-cet-ete","status":"publish","type":"post","link":"https:\/\/www.europesays.com\/fr\/240511\/","title":{"rendered":"Vivre un stage unique entre la France et l\u2019Allemagne cet \u00e9t\u00e9 !"},"content":{"rendered":"<p>                        <img decoding=\"async\" src=\"https:\/\/www.europesays.com\/fr\/wp-content\/uploads\/2025\/07\/news__20250710095128.jpg\" width=\"100%\" alt=\"\"\/>            <\/p>\n<p>        &#13;<br \/>\n            Vivre un stage unique entre la France et l\u2019Allemagne cet \u00e9t\u00e9 !        <\/p>\n<p>Publi\u00e9 le : 10\/07\/2025<\/p>\n<p>Modifi\u00e9 le : 10\/07\/2025<\/p>\n<p style=\"text-align:justify\"><strong>Tu as entre 14 et 18 ans et tu veux vivre une exp\u00e9rience unique entre la France et l\u2019Allemagne ?\u00a0Du 20 au 28 ao\u00fbt 2025, la Ligue Grand Est de Tennis de Table t\u2019invite \u00e0 participer au tout 1er Stage Franco-Allemand, une exp\u00e9rience inoubliable \u00e0 Pont-\u00e0-Mousson et Sarrebruck !<\/strong><\/p>\n<p style=\"text-align:justify\">Que tu sois d\u00e9butant ou confirm\u00e9, viens perfectionner ta pratique du ping gr\u00e2ce \u00e0 un encadrement\u00a0franco-allemand\u00a0qualifi\u00e9 dans une ambiance \u00e0 la fois sportive, conviviale et interculturelle.\u00a0Ce stage m\u00ealera perfectionnement en tennis de table, \u00e9changes culturels, activit\u00e9s sportives (wake park, bowling, laser game, piscine) et animations linguistiques.<\/p>\n<p style=\"text-align:justify\">H\u00e9bergement, repas et gymnases sont regroup\u00e9s sur un m\u00eame site pour un confort optimal. Les cinq premiers jours auront lieu \u00e0 Pont-\u00e0-Mousson et les cinq suivants \u00e0 Sarrebruck. L&rsquo;occasion id\u00e9ale de se faire des amis de l&rsquo;autre c\u00f4t\u00e9 de la fronti\u00e8re tout en s\u2019amusant et en apprenant !<\/p>\n<p style=\"text-align:justify\"><strong>Attention, les places sont limit\u00e9es \u00e0 16 participants par pays. Inscris-toi avant le 25 juillet via HelloAsso.<\/strong><\/p>\n<p style=\"text-align:center\"><a href=\"https:\/\/www.helloasso.com\/associations\/ligue-grand-est-tennis-de-table\/evenements\/stage-franco-allemand-2025\" rel=\"nofollow noopener\" target=\"_blank\"><strong>S&rsquo;INSCRIRE EN LIGNE<\/strong><\/a><\/p>\n<p><strong>Ne rate pas cette aventure sportive et humaine inoubliable !<\/strong><\/p>\n<p><a href=\"https:\/\/www.fftt.com\/site\/scripts\/kcfinder\/upload\/files\/Stage%20Franco-Allemand%202025.pdf\" target=\"_blank\" rel=\"nofollow noopener\"><strong>Toutes les informations<\/strong><\/a><\/p>\n<p style=\"text-align:center\"><strong><img decoding=\"async\" alt=\"\" src=\"https:\/\/www.europesays.com\/fr\/wp-content\/uploads\/2025\/07\/Stage Franco-Allemand 2025_page-0001.jpg\" style=\"height:60%; width:60%\"\/><\/strong><\/p>\n<p style=\"text-align:center\"><strong><img decoding=\"async\" alt=\"\" src=\"https:\/\/www.europesays.com\/fr\/wp-content\/uploads\/2025\/07\/Stage Franco-Allemand 2025_page-0002.jpg\" style=\"height:60%; width:60%\"\/><\/strong><\/p>\n<p style=\"text-align:center\"><a href=\"https:\/\/www.helloasso.com\/associations\/ligue-grand-est-tennis-de-table\/evenements\/stage-franco-allemand-2025\" rel=\"nofollow noopener\" target=\"_blank\"><strong><img decoding=\"async\" alt=\"\" src=\"https:\/\/www.europesays.com\/fr\/wp-content\/uploads\/2025\/07\/Stage Franco-Allemand 2025_page-0003.jpg\" style=\"height:60%; width:60%\"\/><\/strong><\/a><\/p>\n<p style=\"text-align:center\"><strong><img decoding=\"async\" alt=\"\" src=\"https:\/\/www.europesays.com\/fr\/wp-content\/uploads\/2025\/07\/Stage Franco-Allemand 2025_page-0004.jpg\" style=\"height:60%; width:60%\"\/><\/strong><\/p>\n<p>&#13;<br \/>\n                            partager cette actualit\u00e9 :&#13;\n                        <\/p>\n<p>                        <a class=\"icon icon-facebook facebook-sharer-1523478946\" title=\"Partager sur Facebook\"\/><br \/>\n                        <a class=\"icon icon-twitter\" title=\"Partager sur Twitter\" href=\"https:\/\/twitter.com\/share?related=ffttofficiel&amp;text=A lire @ffttofficiel : Vivre un stage unique entre la France et l\u2019Allemagne cet \u00e9t\u00e9 !\" target=\"popup\" onclick=\"ouvre(&#039;https:\/\/twitter.com\/share?related=ffttofficiel&amp;text=A lire @ffttofficiel: Vivre un stage unique entre la France et l\u2019Allemagne cet \u00e9t\u00e9 !&#039;);return false\" rel=\"nofollow noopener\"><br \/>\n                        <a class=\"icon icon-print\" onclick=\"window.print();\"\/><\/p>\n<p>\t<script async src=\"https:\/\/platform.twitter.com\/widgets.js\" charset=\"utf-8\"><\/script><\/p>\n","protected":false},"excerpt":{"rendered":"&#13; Vivre un stage unique entre la France et l\u2019Allemagne cet \u00e9t\u00e9 ! Publi\u00e9 le : 10\/07\/2025 Modifi\u00e9&hellip;\n","protected":false},"author":2,"featured_media":240512,"comment_status":"","ping_status":"","sticky":false,"template":"","format":"standard","meta":{"footnotes":""},"categories":[1587],"tags":[11,672,1804,1805,1803,1777,674,1801,12,1802],"class_list":{"0":"post-240511","1":"post","2":"type-post","3":"status-publish","4":"format-standard","5":"has-post-thumbnail","7":"category-allemagne","8":"tag-actualites","9":"tag-allemagne","10":"tag-bundesrepublik-deutschland","11":"tag-de","12":"tag-deutschland","13":"tag-eu","14":"tag-europe","15":"tag-germany","16":"tag-news","17":"tag-republique-federale-dallemagne"},"share_on_mastodon":{"url":"https:\/\/pubeurope.com\/@fr\/114830043447378763","error":""},"_links":{"self":[{"href":"https:\/\/www.europesays.com\/fr\/wp-json\/wp\/v2\/posts\/240511","targetHints":{"allow":["GET"]}}],"collection":[{"href":"https:\/\/www.europesays.com\/fr\/wp-json\/wp\/v2\/posts"}],"about":[{"href":"https:\/\/www.europesays.com\/fr\/wp-json\/wp\/v2\/types\/post"}],"author":[{"embeddable":true,"href":"https:\/\/www.europesays.com\/fr\/wp-json\/wp\/v2\/users\/2"}],"replies":[{"embeddable":true,"href":"https:\/\/www.europesays.com\/fr\/wp-json\/wp\/v2\/comments?post=240511"}],"version-history":[{"count":0,"href":"https:\/\/www.europesays.com\/fr\/wp-json\/wp\/v2\/posts\/240511\/revisions"}],"wp:featuredmedia":[{"embeddable":true,"href":"https:\/\/www.europesays.com\/fr\/wp-json\/wp\/v2\/media\/240512"}],"wp:attachment":[{"href":"https:\/\/www.europesays.com\/fr\/wp-json\/wp\/v2\/media?parent=240511"}],"wp:term":[{"taxonomy":"category","embeddable":true,"href":"https:\/\/www.europesays.com\/fr\/wp-json\/wp\/v2\/categories?post=240511"},{"taxonomy":"post_tag","embeddable":true,"href":"https:\/\/www.europesays.com\/fr\/wp-json\/wp\/v2\/tags?post=240511"}],"curies":[{"name":"wp","href":"https:\/\/api.w.org\/{rel}","templated":true}]}}