{"id":240513,"date":"2025-07-10T17:09:14","date_gmt":"2025-07-10T17:09:14","guid":{"rendered":"https:\/\/www.europesays.com\/fr\/240513\/"},"modified":"2025-07-10T17:09:14","modified_gmt":"2025-07-10T17:09:14","slug":"leurope-termine-en-ordre-disperse-avec-les-negociations-commerciales","status":"publish","type":"post","link":"https:\/\/www.europesays.com\/fr\/240513\/","title":{"rendered":"L&rsquo;Europe termine en ordre dispers\u00e9 avec les n\u00e9gociations commerciales"},"content":{"rendered":"<p>\u00c0 Paris, le CAC 40 a progress\u00e9 de 0,32% \u00e0 7903,55 points, tandis que le Dax allemand s&rsquo;est repli\u00e9 de 0,31% et le Footsie britannique s&rsquo;est renforc\u00e9 de 1,24%.<\/p>\n<p>L&rsquo;indice EuroStoxx 50 a termin\u00e9 la s\u00e9ance sur une baisse de 0,1%, tandis que le FTSEurofirst 300 inscrivait un gain de 0,52% et que le Stoxx 600 prenait 0,55%.<\/p>\n<p>Les investisseurs accueillent avec optimisme les avanc\u00e9es dans les n\u00e9gociations commerciales entre l&rsquo;Union europ\u00e9enne et les Etats-Unis. <\/p>\n<p>La pr\u00e9sidente de la Commission europ\u00e9enne, Ursula von der Leyen, a d\u00e9clar\u00e9 que l&rsquo;UE travaillait \u00ab\u00a0sans rel\u00e2che\u00a0\u00bb pour parvenir \u00e0 un accord commercial avantageux tandis que le commissaire europ\u00e9en au Commerce, Maros Sefcovic, a \u00e9voqu\u00e9 mercredi des progr\u00e8s satisfaisants autour d&rsquo;un accord qui pourrait \u00eatre conclu dans les prochains jours.<\/p>\n<p>Outre-Atlantique, les inscriptions hebdomadaires au ch\u00f4mage ont surpris \u00e0 la baisse mais n&rsquo;ont pas modifi\u00e9 les anticipations de baisses des taux de la R\u00e9serve f\u00e9d\u00e9rale am\u00e9ricaine (Fed). <\/p>\n<p>\u00ab\u00a0Les donn\u00e9es sur les inscriptions au ch\u00f4mage sans emploi n&rsquo;\u00e9taient pas inqui\u00e9tantes dans le rapport de ce matin, indiquant toujours un march\u00e9 du travail \u00e0 faible rotation avec peu de licenciements, mais aussi peu d&#8217;embauches\u00a0\u00bb, ont estim\u00e9 les analystes de Citi dans une note.<\/p>\n<p>Les march\u00e9s parient encore sur deux baisses de taux avant la fin de l&rsquo;ann\u00e9e au lendemain de la publication des derni\u00e8res \u00ab\u00a0minutes\u00a0\u00bb de la Fed selon lesquelles une majorit\u00e9 de responsables a d\u00e9clar\u00e9 que des baisses de taux seraient appropri\u00e9es d&rsquo;ici la fin de l&rsquo;ann\u00e9e, mais seulement une minorit\u00e9 d\u00e8s juillet.<\/p>\n<p>VALEURS <\/p>\n<p>Barry Callebaut a perdu 13,54% apr\u00e8s la publication de ses r\u00e9sultats trimestriels.<\/p>\n<p>Le secteur minier europ\u00e9en a rebondi et pris 3,44% apr\u00e8s les annonces mercredi du pr\u00e9sident am\u00e9ricain de droits de douane de 50% sur les importations de cuivre aux Etats-Unis \u00e0 partir du 1er ao\u00fbt. <\/p>\n<p>Rio Tinto et Anglo American ont progress\u00e9 de plus de 4,1% apr\u00e8s leur chute de mercredi tandis qu&rsquo;Eramet a sign\u00e9 la meilleure performance du SBF 120 avec un gain de 6,4%.<\/p>\n<p>Mercedes-Benz, Porsche et Volkswagen ont gagn\u00e9 plus de 1,5% alors que des sources \u00e9voquent des n\u00e9gociations pour prot\u00e9ger l&rsquo;industrie automobile europ\u00e9enne des droits de douane am\u00e9ricains.<\/p>\n<p>En France, Icade a enregistr\u00e9 la plus forte baisse du SBF 120, abandonnant 1,5%, apr\u00e8s un changement de recommandation de Goldman Sachs.<\/p>\n<p>A WALL STREET <\/p>\n<p>Evolution Wall Street \u00e0 la cl\u00f4ture des march\u00e9s en Europe<\/p>\n<p>WK KELLOGG KLG.N prend 30% apr\u00e8s qu&rsquo;une source a d\u00e9clar\u00e9 \u00e0 Reuters que Ferrero pourrait finaliser le rachat du fabricant de c\u00e9r\u00e9ales d\u00e8s cette semaine sur la base d&rsquo;une valorisation approchant les 3 milliards de dollars.<\/p>\n<p>LES INDICATEURS DU JOUR <\/p>\n<p>L&rsquo;inflation allemande a ralenti \u00e0 2,0% sur un an en juin, conform\u00e9ment aux donn\u00e9es pr\u00e9liminaires et au consensus des analystes, ont montr\u00e9 les donn\u00e9es d\u00e9finitives de l&rsquo;Office f\u00e9d\u00e9ral de la statistique publi\u00e9es jeudi.<\/p>\n<p>Les inscriptions au ch\u00f4mage ont diminu\u00e9 aux Etats-Unis lors de la semaine au 5 juillet, \u00e0 227.000 contre 232.000 (r\u00e9vis\u00e9) la semaine pr\u00e9c\u00e9dente, a annonc\u00e9 jeudi le d\u00e9partement du Travail. Les \u00e9conomistes attendaient en moyenne 235.000 inscriptions au ch\u00f4mage.<\/p>\n<p>CHANGES<\/p>\n<p>Le dollar est en hausse jeudi apr\u00e8s que les march\u00e9s ont dig\u00e9r\u00e9 la derni\u00e8re salve de droits de douane impos\u00e9e par le pr\u00e9sident am\u00e9ricain. <\/p>\n<p>Le dollar gagne 0,17% face \u00e0 un panier de devises de r\u00e9f\u00e9rence, l&rsquo;euro s&rsquo;\u00e9rode de 0,36% \u00e0 1,1677 dollar, et la livre sterling perd 0,21% \u00e0 1,3558 dollar.<\/p>\n<p>TAUX<\/p>\n<p>Les taux am\u00e9ricains sont en l\u00e9g\u00e8re hausse \u00e0 la suite de la publication des inscriptions hebdomadaires au ch\u00f4mage. <\/p>\n<p>Le rendement du dix ans allemand a pris 0,1 pb \u00e0 2,663%, celui du taux \u00e0 deux ans a gagn\u00e9 0,2 pb \u00e0 1,892%.<\/p>\n<p>Le rendement du Treasury \u00e0 dix ans prend 2,6 pb \u00e0 4,3676%, tandis que le rendement du titre \u00e0 deux ans progresse de 2 pb \u00e0 3,8825%.<\/p>\n<p>P\u00c9TROLE<\/p>\n<p>Les prix du p\u00e9trole sont en forte baisse jeudi, les investisseurs \u00e9valuant les possibles cons\u00e9quences des droits de douane am\u00e9ricains sur la croissance mondiale et la demande en or noir.<\/p>\n<p>Le Brent recule de 1,6% \u00e0 69,07 dollars le baril, le brut l\u00e9ger am\u00e9ricain (West Texas Intermediate, WTI) s&rsquo;affaiblit de 1,86% \u00e0 67,11 dollars.<\/p>\n<p>A SUIVRE VENDREDI 11 JUILLET : <\/p>\n<p>LA SITUATION SUR LES MARCH\u00c9S<\/p>\n<p>(Certaines donn\u00e9es peuvent accuser un l\u00e9ger d\u00e9calage)<\/p>\n<p> (R\u00e9dig\u00e9 par Bertrand De Meyer, \u00e9dit\u00e9 par Augustin Turpin)<\/p>\n","protected":false},"excerpt":{"rendered":"\u00c0 Paris, le CAC 40 a progress\u00e9 de 0,32% \u00e0 7903,55 points, tandis que le Dax allemand s&rsquo;est&hellip;\n","protected":false},"author":2,"featured_media":240514,"comment_status":"","ping_status":"","sticky":false,"template":"","format":"standard","meta":{"footnotes":""},"categories":[1586],"tags":[11,2125,1777,674,1011,27,2124,12,25],"class_list":{"0":"post-240513","1":"post","2":"type-post","3":"status-publish","4":"format-standard","5":"has-post-thumbnail","7":"category-europe","8":"tag-actualites","9":"tag-depeches-reuters","10":"tag-eu","11":"tag-europe","12":"tag-fr","13":"tag-france","14":"tag-infos-reuters","15":"tag-news","16":"tag-republique-francaise"},"share_on_mastodon":{"url":"https:\/\/pubeurope.com\/@fr\/114830046850979933","error":""},"_links":{"self":[{"href":"https:\/\/www.europesays.com\/fr\/wp-json\/wp\/v2\/posts\/240513","targetHints":{"allow":["GET"]}}],"collection":[{"href":"https:\/\/www.europesays.com\/fr\/wp-json\/wp\/v2\/posts"}],"about":[{"href":"https:\/\/www.europesays.com\/fr\/wp-json\/wp\/v2\/types\/post"}],"author":[{"embeddable":true,"href":"https:\/\/www.europesays.com\/fr\/wp-json\/wp\/v2\/users\/2"}],"replies":[{"embeddable":true,"href":"https:\/\/www.europesays.com\/fr\/wp-json\/wp\/v2\/comments?post=240513"}],"version-history":[{"count":0,"href":"https:\/\/www.europesays.com\/fr\/wp-json\/wp\/v2\/posts\/240513\/revisions"}],"wp:featuredmedia":[{"embeddable":true,"href":"https:\/\/www.europesays.com\/fr\/wp-json\/wp\/v2\/media\/240514"}],"wp:attachment":[{"href":"https:\/\/www.europesays.com\/fr\/wp-json\/wp\/v2\/media?parent=240513"}],"wp:term":[{"taxonomy":"category","embeddable":true,"href":"https:\/\/www.europesays.com\/fr\/wp-json\/wp\/v2\/categories?post=240513"},{"taxonomy":"post_tag","embeddable":true,"href":"https:\/\/www.europesays.com\/fr\/wp-json\/wp\/v2\/tags?post=240513"}],"curies":[{"name":"wp","href":"https:\/\/api.w.org\/{rel}","templated":true}]}}