{"id":240515,"date":"2025-07-10T17:10:10","date_gmt":"2025-07-10T17:10:10","guid":{"rendered":"https:\/\/www.europesays.com\/fr\/240515\/"},"modified":"2025-07-10T17:10:10","modified_gmt":"2025-07-10T17:10:10","slug":"cooperation-commerciale-la-chine-appelle-lue-a-reequilibrer-son-etat-desprit","status":"publish","type":"post","link":"https:\/\/www.europesays.com\/fr\/240515\/","title":{"rendered":"Coop\u00e9ration commerciale : la Chine appelle l\u2019UE \u00e0 r\u00e9\u00e9quilibrer son \u201c\u00e9tat d\u2019esprit\u201d"},"content":{"rendered":"<p><strong>P\u00e9kin a appel\u00e9 mercredi l\u2019Union europ\u00e9enne \u00e0 r\u00e9\u00e9quilibrer son \u00ab\u00e9tat d\u2019esprit\u00bb, et non ses relations commerciales avec la Chine, en r\u00e9ponse \u00e0 une demande europ\u00e9enne de \u00abr\u00e9\u00e9quilibrage\u00bb des \u00e9changes.<\/strong><\/p>\n<p>\u00abNous esp\u00e9rons que la partie europ\u00e9enne r\u00e9alise que ce qui doit \u00eatre r\u00e9\u00e9quilibr\u00e9 en ce moment est l\u2019\u00e9tat d\u2019esprit europ\u00e9en et non les relations \u00e9conomiques et commerciales entre la Chine et l\u2019Union europ\u00e9enne\u00bb, a d\u00e9clar\u00e9 mercredi Mao Ning, la porte-parole de la diplomatie chinoise.<\/p>\n<p>Dans la \u00absituation de turbulences actuelle\u00bb, l\u2019UE et la Chine devraient \u00abg\u00e9rer de mani\u00e8re appropri\u00e9e les divergences et les tensions\u00bb, a-t-elle expliqu\u00e9.<\/p>\n<p>\u00abNous esp\u00e9rons que l\u2019Union europ\u00e9enne va v\u00e9ritablement \u00e9tablir une compr\u00e9hension rationnelle et plus objective de la Chine et poursuivre une politique plus positive et pragmatique\u00bb envers P\u00e9kin, a ajout\u00e9 la porte-parole.<\/p>\n<p>La veille, la pr\u00e9sidente de la Commission europ\u00e9enne, Ursula von der Leyen, avait demand\u00e9 \u00abun v\u00e9ritable r\u00e9\u00e9quilibrage\u00bb des relations sino-europ\u00e9ennes, alors que le d\u00e9ficit commercial entre la Chine et l\u2019UE s\u2019\u00e9levait \u00e0 357 milliards de dollars en 2024.<\/p>\n<p>La Chine enregistre l\u2019exc\u00e9dent commercial le plus important \u00abde l\u2019histoire de l\u2019humanit\u00e9\u00bb, notamment avec l\u2019Union europ\u00e9enne, tout en rendant plus difficile pour les entreprises europ\u00e9ennes de faire des affaires en Chine, a-t-elle expliqu\u00e9 dans un discours devant le Parlement europ\u00e9en \u00e0 Strasbourg. \u00abPour que notre partenariat aille de l\u2019avant, nous avons besoin d\u2019un v\u00e9ritable r\u00e9\u00e9quilibrage, de moins de distorsions du march\u00e9, de moins de surcapacit\u00e9s export\u00e9es par la Chine et d\u2019un acc\u00e8s \u00e9quitable et r\u00e9ciproque pour les entreprises europ\u00e9ennes\u00bb, a-t-elle d\u00e9clar\u00e9.<\/p>\n<p>La pr\u00e9sidente de la Commission europ\u00e9enne doit se rendre \u00e0 P\u00e9kin les 24 et 25 juillet avec Antonio Costa, le pr\u00e9sident du Conseil europ\u00e9en, institution qui regroupe les chefs d\u2019\u00c9tat et de gouvernement de l\u2019UE, pour des entretiens avec les responsables chinois. Ce sommet doit marquer le 50e anniversaire des relations diplomatiques entre P\u00e9kin et Bruxelles.<\/p>\n<p>Les deux dirigeants europ\u00e9ens vont aussi tenter d\u2019obtenir un assouplissement des restrictions sur les exportations de terres rares chinoises, indispensables dans la production de t\u00e9l\u00e9phones portables ou de voitures \u00e9lectriques.<\/p>\n<p>S.N. avec agences \/ Les Inspirations \u00c9CO<\/p>\n","protected":false},"excerpt":{"rendered":"P\u00e9kin a appel\u00e9 mercredi l\u2019Union europ\u00e9enne \u00e0 r\u00e9\u00e9quilibrer son \u00ab\u00e9tat d\u2019esprit\u00bb, et non ses relations commerciales avec la&hellip;\n","protected":false},"author":2,"featured_media":240516,"comment_status":"","ping_status":"","sticky":false,"template":"","format":"standard","meta":{"footnotes":""},"categories":[1586],"tags":[11,309,24493,1777,674,1779,1011,27,12,25,1778,364],"class_list":{"0":"post-240515","1":"post","2":"type-post","3":"status-publish","4":"format-standard","5":"has-post-thumbnail","7":"category-europe","8":"tag-actualites","9":"tag-chine","10":"tag-deficit-commercial","11":"tag-eu","12":"tag-europe","13":"tag-european-union","14":"tag-fr","15":"tag-france","16":"tag-news","17":"tag-republique-francaise","18":"tag-ue","19":"tag-union-europeenne"},"share_on_mastodon":{"url":"https:\/\/pubeurope.com\/@fr\/114830050870423709","error":""},"_links":{"self":[{"href":"https:\/\/www.europesays.com\/fr\/wp-json\/wp\/v2\/posts\/240515","targetHints":{"allow":["GET"]}}],"collection":[{"href":"https:\/\/www.europesays.com\/fr\/wp-json\/wp\/v2\/posts"}],"about":[{"href":"https:\/\/www.europesays.com\/fr\/wp-json\/wp\/v2\/types\/post"}],"author":[{"embeddable":true,"href":"https:\/\/www.europesays.com\/fr\/wp-json\/wp\/v2\/users\/2"}],"replies":[{"embeddable":true,"href":"https:\/\/www.europesays.com\/fr\/wp-json\/wp\/v2\/comments?post=240515"}],"version-history":[{"count":0,"href":"https:\/\/www.europesays.com\/fr\/wp-json\/wp\/v2\/posts\/240515\/revisions"}],"wp:featuredmedia":[{"embeddable":true,"href":"https:\/\/www.europesays.com\/fr\/wp-json\/wp\/v2\/media\/240516"}],"wp:attachment":[{"href":"https:\/\/www.europesays.com\/fr\/wp-json\/wp\/v2\/media?parent=240515"}],"wp:term":[{"taxonomy":"category","embeddable":true,"href":"https:\/\/www.europesays.com\/fr\/wp-json\/wp\/v2\/categories?post=240515"},{"taxonomy":"post_tag","embeddable":true,"href":"https:\/\/www.europesays.com\/fr\/wp-json\/wp\/v2\/tags?post=240515"}],"curies":[{"name":"wp","href":"https:\/\/api.w.org\/{rel}","templated":true}]}}