{"id":240517,"date":"2025-07-10T17:11:30","date_gmt":"2025-07-10T17:11:30","guid":{"rendered":"https:\/\/www.europesays.com\/fr\/240517\/"},"modified":"2025-07-10T17:11:30","modified_gmt":"2025-07-10T17:11:30","slug":"cette-note-de-linsee-sur-le-logement-fait-devisser-la-droite-et-lextreme-droite","status":"publish","type":"post","link":"https:\/\/www.europesays.com\/fr\/240517\/","title":{"rendered":"cette note de l\u2019Insee sur le logement fait d\u00e9visser la droite et l\u2019extr\u00eame droite"},"content":{"rendered":"<p>        <img decoding=\"async\" loading=\"lazy\" src=\"https:\/\/www.europesays.com\/fr\/wp-content\/uploads\/2025\/07\/0dc139b_sirius-fs-upload-1-p36girvt6bvi-1743062008379-000-36x96pw.jpg\"  width=\"728\" height=\"409\" alt=\"Marine Le Pen photographi\u00e9e \u00e0 l\u2019Assembl\u00e9e nationale au mois de f\u00e9vrier (illustration)\"\/>  <\/p>\n<p>JULIEN DE ROSA \/ AFP<\/p>\n<p>Marine Le Pen photographi\u00e9e \u00e0 l\u2019Assembl\u00e9e nationale au mois de f\u00e9vrier (illustration)<\/p>\n<p class=\"asset asset-text\">POLITQUE &#8211; \u00ab\u00a0On est en URSS ou quoi\u00a0?\u00a0\u00bb D\u00e9cid\u00e9ment cette semaine, l\u2019Insee a allum\u00e9 la machine \u00e0 r\u00e9actions. Alors que la gauche accuse <a href=\"https:\/\/www.huffingtonpost.fr\/politique\/article\/la-pauvrete-atteint-un-record-emmanuel-macron-accuse-par-la-gauche-est-il-vraiment-responsable_252380.html\" target=\"_blank\" rel=\"noopener\">Emmanuel Macron<\/a> d\u2019\u00eatre responsable <a href=\"https:\/\/www.huffingtonpost.fr\/france\/article\/le-taux-de-pauvrete-a-connu-en-2023-un-pic-sans-precedent-en-france_252333.html\" target=\"_blank\" rel=\"noopener\">du record de pauvret\u00e9 en France<\/a>, apr\u00e8s la publication d\u2019une enqu\u00eate de l\u2019institut, le <a href=\"https:\/\/www.huffingtonpost.fr\/politique\/article\/le-siege-rassemblement-national-perquisitionne-jordan-bardella-denonce-un-acharnement_252410.html\" target=\"_blank\" rel=\"noopener\">Rassemblement national<\/a> et des \u00e9lus de droite, eux, ont jet\u00e9 leur d\u00e9volu sur une autre note statistique consacr\u00e9e \u00e0 l\u2019habitat.<\/p>\n<p class=\"asset asset-text\">Dans un contexte de crise du logement, les chiffres s\u2019av\u00e8rent particuli\u00e8rement int\u00e9ressants d\u2019autant qu\u2019ils portent sur le taux de sous-occupation. L\u2019\u00e9tude conclut que pr\u00e8s de 8\u00a0millions de logements, soit un quart des r\u00e9sidences principales, sont largement sous-occup\u00e9s en France, c\u2019est-\u00e0-dire avec au moins trois pi\u00e8ces de plus que \u00ab\u00a0n\u00e9cessaire\u00a0\u00bb. En l\u2019occurrence il s\u2019agit la plupart de temps de maison individuelle, dont les habitants sont propri\u00e9taires, \u00e2g\u00e9s de 60\u00a0ans et plus, et qui ont emm\u00e9nag\u00e9 il y a plus de 30\u00a0ans.<\/p>\n<p class=\"asset asset-text\">Le ph\u00e9nom\u00e8ne est plus pr\u00e9gnant dans les zones rurales, notamment dans les Hauts-de-France et le littoral breton. C\u00f4t\u00e9 m\u00e9nages en activit\u00e9, ce sont essentiellement les agriculteurs qui habitent des maisons tr\u00e8s sous occup\u00e9es. De potentiels \u00e9lectorats non n\u00e9gligeables pour le RN.<\/p>\n<p> La lecture de ce contenu est susceptible d\u2019entra\u00eener un d\u00e9p\u00f4t de cookies de la part de l\u2019op\u00e9rateur tiers qui l\u2019h\u00e9berge. Compte-tenu des choix que vous avez exprim\u00e9s en mati\u00e8re de d\u00e9p\u00f4t de cookies, nous avons bloqu\u00e9 l\u2019affichage de ce contenu. Si vous souhaitez y acc\u00e9der, vous devez accepter la cat\u00e9gorie de cookies \u201cContenus tiers\u201d en cliquant sur le bouton ci-dessous. <\/p>\n<p> Lire la Vid\u00e9o        <\/p>\n<p class=\"asset asset-text\">Voil\u00e0 une premi\u00e8re tentative d\u2019explication aux cries d\u2019orfraies pouss\u00e9s par Marine Le\u00a0Pen apr\u00e8s la publication d\u2019un article de <a href=\"https:\/\/www.bfmtv.com\/economie\/economie-social\/au-moins-3-pieces-de-plus-que-le-nombre-necessaire-un-quart-des-menages-vivent-dans-un-logement-trop-grand-par-rapport-a-leurs-besoins_AN-202507080595.html?at_brand=BFMTV&amp;at_compte=BFMTV&amp;at_plateforme=twitter&amp;at_campaign=Fan_pages&amp;at_medium=Community_Management\" target=\"_blank\" rel=\"noopener\" title=\"Nouvelle fen\u00eatre\">BFMTV<\/a> consacr\u00e9 \u00e0 l\u2019\u00e9tude. \u00ab\u00a0Non, mais \u00e7a devient l\u2019URSS\u00a0!\u00a0\u00bb, a tacl\u00e9 la cheffe de file de l\u2019extr\u00eame droite, avant de s\u2019en prendre \u00e0 l\u2019\u00e9tude en elle-m\u00eame\u00a0: \u00ab\u00a0Et alors\u00a0?\u00a0! Vous allez obliger les Fran\u00e7ais \u00e0 cohabiter\u00a0?\u00a0! Vous allez leur imposer d\u2019h\u00e9berger des gens chez eux\u00a0?\u00a0! \u00c7a commence \u00e0 bien faire maintenant\u00a0! S\u2019ils ont envie d\u2019avoir deux pi\u00e8ces de plus, c\u2019est leur affaire, ils ont achet\u00e9 leur maison ou la louent, c\u2019est leur argent\u00a0!\u00a0\u00bb Un message relay\u00e9 sur X par ses troupes, mais aussi son alli\u00e9 UDR, \u00c9ric Ciotti.<\/p>\n<p>                     L\u2019analyse vire carr\u00e9ment au complotisme    <\/p>\n<p class=\"asset asset-text\">L\u2019Insee qui a effectu\u00e9 un travail de statistique, comme son intitul\u00e9 l\u2019y engage, \u00e0 partir des donn\u00e9es de recensement, se garde pourtant bien de critique ou de proposition politique. Visiblement, ce sont les formulations choisies par l\u2019institut qui h\u00e9rissent, en d\u00e9montre la r\u00e9action de David Lisnard qui s\u2019interroge faussement dans un tweet aux accents \u00ab\u00a0urssistes\u00a0\u00bb\u00a0: \u00ab\u00a0Qui d\u00e9cide de cette \u201cn\u00e9cessit\u00e9\u201d et de ces \u201cbesoins\u201d\u00a0? La Direction G\u00e9n\u00e9rale du Logement Standard, le Comit\u00e9 Supr\u00eame de l\u2019Appartement N\u00e9cessaire, en lien avec les comit\u00e9s de surveillance de voisinage\u00a0?\u00a0\u00bb, se demande le maire de Cannes, estampill\u00e9 LR lib\u00e9ral.<\/p>\n<p class=\"asset asset-text\">Les deux \u00e9lus ne sont pas les seuls \u00e0 soup\u00e7onner l\u2019Insee de pousser carr\u00e9ment au sovi\u00e9tisme ou au collectivisme. \u00ab\u00a0Ce concept de \u201csous-occupation\u201d d\u2019un logement est un ferment liberticide\u00a0\u00bb, accuse m\u00eame un ancien candidat LR aux l\u00e9gislatives, quand d\u2019autres aux accents complotistes assurent que l\u2019Insee, ou les journalistes d\u2019ailleurs, \u00ab\u00a0pr\u00e9parent le terrain\u00a0\u00bb pour de nouvelles taxes ou forcer les propri\u00e9taires en question \u00e0 loger des migrants. \u00ab\u00a0Pour avoir l\u2019id\u00e9e de mener cette \u00e9tude\u2026 \u00c7a na\u00eet forc\u00e9ment dans un esprit communiste. On va bient\u00f4t nous rationner en chambre\u00a0\u00bb, avance m\u00eame une chroniqueuse des Grandes Gueules sur RMC. Rien que \u00e7a.<\/p>\n<p class=\"asset asset-text\">D\u00e8s qu\u2019il s\u2019agit de questionner l\u2019habitat individuel, le tropisme sovi\u00e9tique ressurgit. L\u2019ancienne ministre du Logement Emmanuelle Wargon, ne le sait que trop bien. En estimant publiquement, en 2021, que la maison individuelle avec jardin est un non-sens \u00e9cologique elle avait d\u00e9clench\u00e9 un toll\u00e9. \u00ab\u00a0L\u2019avenir sovi\u00e9tique de Madame Wargon, non merci\u00a0!\u00a0\u00bb, avait tonn\u00e9 une certaine\u2026 Marine Le\u00a0Pen.<\/p>\n<p>                     La norme selon l\u2019Insee    <\/p>\n<p class=\"asset asset-text\">Les outrances de certaines r\u00e9actions irritent parmi les chercheurs et m\u00eame les politiques. Le d\u00e9put\u00e9 macroniste St\u00e9phane Vojetta s\u2019agace de voir politiser une \u00e9tude importante, \u00ab\u00a0notamment pour comprendre si certaines personnes sont contraintes par le syst\u00e8me \u00e0 occuper des biens trop grands par rapport \u00e0 leurs souhaits, voire \u00e0 leurs contraintes physiques. Nous savons que c\u2019est notamment le cas dans le parc HLM\u00a0\u00bb.<\/p>\n<p class=\"asset asset-text\">Sylvain Catherine, professeur de finances \u00e0 la prestigieuse \u00e9cole de Wharton aux \u00c9tats-Unis appelle lui aussi \u00e0 un peu de bon sens, face \u00e0 la \u00ab\u00a0grosse confusion\u00a0\u00bb entre des mesures statistiques et le \u00ab\u00a0fait d\u2019en tirer des conclusions normatives totalitaires\u00a0\u00bb\u00a0: \u00ab\u00a0[la note] de l\u2019INSEE ne contient aucun jugement moral ni de proposition politique\u00a0\u00bb. M\u00eame rappel utile de la part de l\u2019historien Herv\u00e9 Joly, chercheur au CNRS. Il rappelle que l\u2019\u00e9tude ne comporte \u00ab\u00a0aucun jugement de valeur\u00a0\u00bb, m\u00eame si \u00ab\u00a0on peut quand m\u00eame s\u2019interroger sur la pertinence du concept\u00a0\u00bb.<\/p>\n<p class=\"asset asset-text\">Contact\u00e9 par Le HuffPost, l\u2019Insee d\u00e9fend sa mission\u00a0: \u00ab\u00a0fournir des chiffres fiables pour \u00e9clairer les citoyens dans la plus stricte neutralit\u00e9 et en toute transparence de ses r\u00e9sultats\u00a0\u00bb. Et d\u2019ajouter \u00ab\u00a0il ne s\u2019agit pas de juger [des] choix mais de les d\u00e9crire\u00a0\u00bb. L\u2019institut rappelle qu\u2019il a d\u00e9j\u00e0 \u00e9tudi\u00e9 la sur-occupation des logements et que c\u2019est aussi dans ce cadre-l\u00e0 qu\u2019elle a pu poser la r\u00e9f\u00e9rence de ce qu\u2019est \u00ab\u00a0une occupation standard, c\u2019est-\u00e0-dire la plus souvent constat\u00e9e\u00a0\u00bb.<\/p>\n<p class=\"asset asset-text\">L\u2019Insee se montre plut\u00f4t pr\u00e9cautionneux dans sa d\u00e9finition de la sous-occupation, il s\u2019agit d\u2019une \u00ab\u00a0norme\u00a0\u00bb du nombre de pi\u00e8ces \u00ab\u00a0th\u00e9oriquement n\u00e9cessaire au m\u00e9nage\u00a0\u00bb. Un outil utilis\u00e9 d\u2019ailleurs dans d\u2019autres notes et \u00e9tudes. Dans cette norme, l\u2019Insee comprend une pi\u00e8ce de s\u00e9jour pour le m\u00e9nage\u00a0; une pi\u00e8ce pour chaque couple\u00a0; une pi\u00e8ce pour chaque personne de 19\u00a0ans ou plus ne vivant pas en couple dans le m\u00e9nage\u00a0; pour les personnes de moins de 19\u00a0ans, une pi\u00e8ce pour deux personnes si elles ont le m\u00eame sexe ou ont moins de 7\u00a0ans, sinon, une pi\u00e8ce par personne.<\/p>\n<p class=\"asset asset-text\">\u00c0 cet \u00e9gard, les pi\u00e8ces \u00e0 usage exclusivement professionnel ainsi que les personnes s\u00e9journant ponctuellement dans le logement ne sont pas prises en compte dans le calcul de cette norme. Tout comme la pi\u00e8ce du caf\u00e9 du commerce.<\/p>\n","protected":false},"excerpt":{"rendered":"JULIEN DE ROSA \/ AFP Marine Le Pen photographi\u00e9e \u00e0 l\u2019Assembl\u00e9e nationale au mois de f\u00e9vrier (illustration) POLITQUE&hellip;\n","protected":false},"author":2,"featured_media":240518,"comment_status":"","ping_status":"","sticky":false,"template":"","format":"standard","meta":{"footnotes":""},"categories":[2],"tags":[11,1011,27,2066,1908,430,12,316,1078,25],"class_list":{"0":"post-240517","1":"post","2":"type-post","3":"status-publish","4":"format-standard","5":"has-post-thumbnail","7":"category-actualites","8":"tag-actualites","9":"tag-fr","10":"tag-france","11":"tag-insee","12":"tag-logement","13":"tag-marine-le-pen","14":"tag-news","15":"tag-politique","16":"tag-rassemblement-national","17":"tag-republique-francaise"},"share_on_mastodon":{"url":"https:\/\/pubeurope.com\/@fr\/114830054930636320","error":""},"_links":{"self":[{"href":"https:\/\/www.europesays.com\/fr\/wp-json\/wp\/v2\/posts\/240517","targetHints":{"allow":["GET"]}}],"collection":[{"href":"https:\/\/www.europesays.com\/fr\/wp-json\/wp\/v2\/posts"}],"about":[{"href":"https:\/\/www.europesays.com\/fr\/wp-json\/wp\/v2\/types\/post"}],"author":[{"embeddable":true,"href":"https:\/\/www.europesays.com\/fr\/wp-json\/wp\/v2\/users\/2"}],"replies":[{"embeddable":true,"href":"https:\/\/www.europesays.com\/fr\/wp-json\/wp\/v2\/comments?post=240517"}],"version-history":[{"count":0,"href":"https:\/\/www.europesays.com\/fr\/wp-json\/wp\/v2\/posts\/240517\/revisions"}],"wp:featuredmedia":[{"embeddable":true,"href":"https:\/\/www.europesays.com\/fr\/wp-json\/wp\/v2\/media\/240518"}],"wp:attachment":[{"href":"https:\/\/www.europesays.com\/fr\/wp-json\/wp\/v2\/media?parent=240517"}],"wp:term":[{"taxonomy":"category","embeddable":true,"href":"https:\/\/www.europesays.com\/fr\/wp-json\/wp\/v2\/categories?post=240517"},{"taxonomy":"post_tag","embeddable":true,"href":"https:\/\/www.europesays.com\/fr\/wp-json\/wp\/v2\/tags?post=240517"}],"curies":[{"name":"wp","href":"https:\/\/api.w.org\/{rel}","templated":true}]}}