{"id":240528,"date":"2025-07-10T17:18:28","date_gmt":"2025-07-10T17:18:28","guid":{"rendered":"https:\/\/www.europesays.com\/fr\/240528\/"},"modified":"2025-07-10T17:18:28","modified_gmt":"2025-07-10T17:18:28","slug":"basket-vincent-collet-selectionneur-des-bleus-pendant-15-ans-quitte-son-poste","status":"publish","type":"post","link":"https:\/\/www.europesays.com\/fr\/240528\/","title":{"rendered":"Basket. Vincent Collet, s\u00e9lectionneur des Bleus pendant 15 ans, quitte son poste"},"content":{"rendered":"<p>Ce n&rsquo;est pas une surprise tant le monde du basket \u00e9tait pr\u00e9venu. \u00ab Normalement je termine \u00bb, avait d\u00e9clar\u00e9 le Normand <a href=\"https:\/\/www.ledauphine.com\/p\/vincent-collet\" target=\"_blank\" rel=\"noopener\">Vincent Collet<\/a>, apr\u00e8s la d\u00e9faite en finale des Jeux olympiques contre les Etats-Unis, le 10 ao\u00fbt (98-87), ne fermant n\u00e9anmoins pas totalement la porte \u00e0 une prolongation alors qu&rsquo;il arrivait en fin de contrat. Le mandat du s\u00e9lectionneur des Bleus, arriv\u00e9 en 2009, a officiellement pris fin ce lundi. <\/p>\n<p>\u00ab Nous avons d\u00e9cid\u00e9 d&rsquo;un commun accord avec Vincent qu&rsquo;il ne serait plus le s\u00e9lectionneur de l&rsquo;\u00e9quipe de France s\u00e9niors \u00bb a d\u00e9clar\u00e9 le pr\u00e9sident de la F\u00e9d\u00e9ration fran\u00e7aise (FFBB) Jean-Pierre Siutat lors d&rsquo;une conf\u00e9rence de presse organis\u00e9e \u00e0 Paris.<\/p>\n<p>Un nouveau r\u00f4le au sein du basket fran\u00e7ais<\/p>\n<p>Collet a \u00e9t\u00e9 nomm\u00e9 conseiller sp\u00e9cial aupr\u00e8s de la Direction Technique Nationale de la FFBB, a annonc\u00e9 cette derni\u00e8re. Il sera charg\u00e9 de transmettre son \u00ab expertise dans le domaine de la formation technique des joueurs et des coaches \u00bb, a pr\u00e9cis\u00e9 le directeur technique national, Alain Contensoux.\u00a0<\/p>\n<p>  Un palmar\u00e8s unique<\/p>\n<p>Collet quitte son poste de s\u00e9lectionneur avec, de loin, le plus beau palmar\u00e8s \u00e0 la t\u00eate des Bleus, dont il a pris la t\u00eate en 2009 en remplacement de Michel Gomez\u00a0: huit m\u00e9dailles, dont un titre (Euro 2013), le seul de leur histoire, arrach\u00e9 \u00e0 l&rsquo;Espagne de la g\u00e9n\u00e9ration Pau Gasol, qui a si souvent \u00e9t\u00e9 leur bourreau. L&rsquo;\u00e9quipe de France a d\u00e9croch\u00e9 autant de m\u00e9dailles en quinze ans avec Collet qu&rsquo;en plus de 80 ans avant lui, et l&rsquo;ancien arri\u00e8re lui a apport\u00e9 huit de ses dix podiums depuis 2000.\u00a0<\/p>\n<p>Dont un dernier frustrant \u00e0 Bercy donc, o\u00f9 elle aura <a href=\"https:\/\/www.ledauphine.com\/sport\/2024\/08\/10\/basket-ball-comme-toujours-les-bleus-si-pres-et-si-loin-de-l-or\" target=\"_blank\" rel=\"noopener\">tenu t\u00eate aux Am\u00e9ricains comme trois ans plus t\u00f4t<\/a> \u00e0 Tokyo (82-87), moins d&rsquo;un an apr\u00e8s avoir pris la porte d\u00e8s le premier tour du Mondial, \u00e0 Jakarta. L&rsquo;une des rares fois o\u00f9 les Bleus sont pass\u00e9s \u00e0 c\u00f4t\u00e9 sous le mandat de Collet, puisqu&rsquo;ils n&rsquo;ont \u00e9t\u00e9 \u00e9limin\u00e9s que trois fois avant la phase finale d&rsquo;une comp\u00e9tition en quinze ans.\u00a0<\/p>\n<p>  Les \u00ab masterclass\u00a0\u00bb et \u00ab discours de bonhomme\u00a0\u00bb de Paris 2024<\/p>\n<p>Le tournoi olympique 2024 \u00e9tait pourtant mal embarqu\u00e9, entam\u00e9 par une s\u00e9rie de quatre d\u00e9faites en pr\u00e9paration avant une phase de poules chaotique, conclue par une d\u00e9route contre l&rsquo;Allemagne (85-71). Mais les Bleus ont ensuite \u00e9t\u00e9 transfigur\u00e9s avec la phase finale, une mue qui doit beaucoup \u00e0 Collet, selon les joueurs.<\/p>\n<p><a href=\"https:\/\/www.ledauphine.com\/p\/evan-fournier\" target=\"_blank\" rel=\"noopener\">Evan Fournier<\/a> a ainsi soulign\u00e9 les deux \u00ab masterclass tactiques \u00bb concoct\u00e9es par le s\u00e9lectionneur\u00a0<a href=\"https:\/\/www.ledauphine.com\/sport\/2024\/08\/08\/basket-ball-un-nouveau-tour-du-magicien-collet-face-a-l-allemagne\" target=\"_blank\" rel=\"noopener\">en quart de finale contre le Canada (82-73)<\/a> puis <a href=\"https:\/\/www.ledauphine.com\/sport\/2024\/08\/08\/schroder-musele-yabusele-intenable-comment-la-fusee-bleue-a-decolle\" target=\"_blank\" rel=\"noopener\">en demi-finales face aux Allemands (73-69)<\/a>, ainsi que le \u00ab discours de bonhomme \u00bb qu&rsquo;il leur a tenu avant le match couperet face aux Nord-Am\u00e9ricains.<\/p>\n<p>\u00ab Meilleur coach fran\u00e7ais de l&rsquo;histoire \u00bb<\/p>\n<p>\u00ab Vincent, il a ce don de galvaniser le groupe, il l&rsquo;a encore fait ce soir. C&rsquo;est sa victoire ce soir, \u00e0 lui et son staff, clairement\u00a0\u00bb, avait appuy\u00e9 <a href=\"https:\/\/www.ledauphine.com\/p\/nicolas-batum\" target=\"_blank\" rel=\"noopener\">Nicolas Batum<\/a> apr\u00e8s ce match. Le capitaine avait ensuite, apr\u00e8s la finale, rendu hommage au \u00ab meilleur coach fran\u00e7ais de l&rsquo;histoire \u00bb, passionn\u00e9 de basket jusqu&rsquo;\u00e0 l&rsquo;obsession, travailleur acharn\u00e9 \u00e0 tendance insomniaque. \u00a0<\/p>\n<p>Un ancien arri\u00e8re n\u00e9, coquetterie du destin, \u00e0 Sainte-Adresse (Seine-Maritime), qui aura \u00e9t\u00e9 l&rsquo;architecte de la plus belle et longue page de l&rsquo;histoire des Bleus.<\/p>\n","protected":false},"excerpt":{"rendered":"Ce n&rsquo;est pas une surprise tant le monde du basket \u00e9tait pr\u00e9venu. \u00ab Normalement je termine \u00bb, avait&hellip;\n","protected":false},"author":2,"featured_media":240529,"comment_status":"","ping_status":"","sticky":false,"template":"","format":"standard","meta":{"footnotes":""},"categories":[1414],"tags":[1465,1791,1464,107,1011,27,517,1947,60],"class_list":{"0":"post-240528","1":"post","2":"type-post","3":"status-publish","4":"format-standard","5":"has-post-thumbnail","7":"category-basket","8":"tag-basket","9":"tag-basket-ball","10":"tag-basketball","11":"tag-fil-info","12":"tag-fr","13":"tag-france","14":"tag-sport","15":"tag-sport-national","16":"tag-sports"},"share_on_mastodon":{"url":"https:\/\/pubeurope.com\/@fr\/114830082321211893","error":""},"_links":{"self":[{"href":"https:\/\/www.europesays.com\/fr\/wp-json\/wp\/v2\/posts\/240528","targetHints":{"allow":["GET"]}}],"collection":[{"href":"https:\/\/www.europesays.com\/fr\/wp-json\/wp\/v2\/posts"}],"about":[{"href":"https:\/\/www.europesays.com\/fr\/wp-json\/wp\/v2\/types\/post"}],"author":[{"embeddable":true,"href":"https:\/\/www.europesays.com\/fr\/wp-json\/wp\/v2\/users\/2"}],"replies":[{"embeddable":true,"href":"https:\/\/www.europesays.com\/fr\/wp-json\/wp\/v2\/comments?post=240528"}],"version-history":[{"count":0,"href":"https:\/\/www.europesays.com\/fr\/wp-json\/wp\/v2\/posts\/240528\/revisions"}],"wp:featuredmedia":[{"embeddable":true,"href":"https:\/\/www.europesays.com\/fr\/wp-json\/wp\/v2\/media\/240529"}],"wp:attachment":[{"href":"https:\/\/www.europesays.com\/fr\/wp-json\/wp\/v2\/media?parent=240528"}],"wp:term":[{"taxonomy":"category","embeddable":true,"href":"https:\/\/www.europesays.com\/fr\/wp-json\/wp\/v2\/categories?post=240528"},{"taxonomy":"post_tag","embeddable":true,"href":"https:\/\/www.europesays.com\/fr\/wp-json\/wp\/v2\/tags?post=240528"}],"curies":[{"name":"wp","href":"https:\/\/api.w.org\/{rel}","templated":true}]}}