{"id":24053,"date":"2025-04-14T10:47:07","date_gmt":"2025-04-14T10:47:07","guid":{"rendered":"https:\/\/www.europesays.com\/fr\/24053\/"},"modified":"2025-04-14T10:47:07","modified_gmt":"2025-04-14T10:47:07","slug":"un-homme-filme-en-trottinette-sous-le-tunnel-de-fourviere","status":"publish","type":"post","link":"https:\/\/www.europesays.com\/fr\/24053\/","title":{"rendered":"un homme film\u00e9 en trottinette sous le tunnel de Fourvi\u00e8re"},"content":{"rendered":"<p>            Par<br \/>\n        <strong><br \/>\n            <a href=\"https:\/\/actu.fr\/auteur\/anthony-soudani\" title=\"Consulter tous les articles de Anthony Soudani\" target=\"_blank\" rel=\"noopener\">Anthony Soudani<\/a><br \/>\n        <\/strong><\/p>\n<p>        Publi\u00e9 le<\/p>\n<p>            14 avr. 2025 \u00e0 12h27        <\/p>\n<p>La vid\u00e9o publi\u00e9e vendredi 11 avril a beaucoup fait r\u00e9agir sur <a href=\"https:\/\/actu.fr\/societe\/t-es-pas-moche-t-es-juste-grosse-skinnytok-la-violente-tendance-tiktok-qui-promeut-la-maigreur-des-ados_62475498.html\" target=\"_blank\" rel=\"noopener\">Tiktok<\/a> ces derniers jours. Sur les images, on voit un homme en train de rouler en trottinette \u00e9lectrique sous le tunnel de Fourvi\u00e8re, \u00e0 <a href=\"https:\/\/actu.fr\/lyon\/\" target=\"_blank\" rel=\"noopener\">Lyon<\/a>.\u00a0<\/p>\n<p>    <a href=\"https:\/\/www.google.com\/maps\/embed?pb=!1m18!1m12!1m3!1d16683.01787289778!2d4.812565601490708!3d45.75826884271532!2m3!1f0!2f0!3f0!3m2!1i1024!2i768!4f13.1!3m3!1m2!1s0x47f4eba39d02dc29%3A0x5d6eccb11ab720d0!2sTun.%20sous%20Fourvi%C3%A8re%2C%20Lyon!5e0!3m2!1sfr!2sfr!4v1744625514435!5m2!1sfr!2sfr\" title=\"Ouvrie le lien\" target=\"_blank\" rel=\"noopener\">Cliquez ici pour visualiser le contenu<\/a><\/p>\n<p>Sans casque au milieu des camions<\/p>\n<p class=\" wall-content\">Le pilote n\u2019a m\u00eame pas de casque, ni d\u2019\u00e9quipements de s\u00e9curit\u00e9. Il est seulement v\u00eatu d\u2019une casquette noire, d\u2019une veste noire et d\u2019un <strong>pantalon rose<\/strong>. Ce dernier n\u2019est vraiment pas pass\u00e9 inaper\u00e7u au milieu des camions. \u00ab\u00a0Il est inconscient\u00a0\u00bb, \u00ab\u00a0il n\u2019a pas peur de la mort\u00a0\u00bb, s\u2019agitent les utilisateurs du r\u00e9seau social chinois.<\/p>\n<blockquote class=\"tiktok-embed\" cite=\"https:\/\/www.tiktok.com\/@nicolas12345678984\/video\/7491849518061817110\" data-video-id=\"7491849518061817110\" data-embed-from=\"oembed\" style=\"max-width:605px; min-width:325px;\"><p>\n<a target=\"_blank\" title=\"@nicolas12345678984\" href=\"https:\/\/www.tiktok.com\/@nicolas12345678984?refer=embed\" rel=\"noopener\">@nicolas12345678984<\/a> <\/p>\n<p>Trottinette sous Fourviere \ud83e\udd14\ud83d\ude33 <a title=\"autoroute\" target=\"_blank\" href=\"https:\/\/www.tiktok.com\/tag\/autoroute?refer=embed\" rel=\"noopener\">#autoroute<\/a> <a title=\"trottinette\" target=\"_blank\" href=\"https:\/\/www.tiktok.com\/tag\/trottinette?refer=embed\" rel=\"noopener\">#trottinette<\/a> <a title=\"tunnel\" target=\"_blank\" href=\"https:\/\/www.tiktok.com\/tag\/tunnel?refer=embed\" rel=\"noopener\">#tunnel<\/a> <a title=\"fourviere\" target=\"_blank\" href=\"https:\/\/www.tiktok.com\/tag\/fourviere?refer=embed\" rel=\"noopener\">#fourviere<\/a> <a title=\"lyon\" target=\"_blank\" href=\"https:\/\/www.tiktok.com\/tag\/lyon?refer=embed\" rel=\"noopener\">#lyon<\/a> <a title=\"camion\" target=\"_blank\" href=\"https:\/\/www.tiktok.com\/tag\/camion?refer=embed\" rel=\"noopener\">#camion<\/a> <a title=\"voiture\" target=\"_blank\" href=\"https:\/\/www.tiktok.com\/tag\/voiture?refer=embed\" rel=\"noopener\">#voiture<\/a> <a title=\"carspotting\" target=\"_blank\" href=\"https:\/\/www.tiktok.com\/tag\/carspotting?refer=embed\" rel=\"noopener\">#carspotting<\/a> <a title=\"truckspotting\" target=\"_blank\" href=\"https:\/\/www.tiktok.com\/tag\/truckspotting?refer=embed\" rel=\"noopener\">#truckspotting<\/a> <a title=\"trottinettefreestyle\" target=\"_blank\" href=\"https:\/\/www.tiktok.com\/tag\/trottinettefreestyle?refer=embed\" rel=\"noopener\">#trottinettefreestyle<\/a> <\/p>\n<p> <a target=\"_blank\" title=\"\u266c son original - nicolas12345678984\ud83d\ude97\ud83d\ude9a\ud83d\udea4\ud83e\udd5d\ud83c\udccf\" href=\"https:\/\/www.tiktok.com\/music\/son-original-7491849390840843030?refer=embed\" rel=\"noopener\">\u266c son original \u2013 nicolas12345678984\ud83d\ude97\ud83d\ude9a\ud83d\udea4\ud83e\udd5d\ud83c\udccf<\/a> <\/p>\n<\/blockquote>\n<p class=\" wall-content\">S\u2019il est difficile de savoir de quand date cette vid\u00e9o, il est en revanche certain que ces engins sont interdits sur cette voie de la m\u00e9tropolitaine M6 sous le <a href=\"https:\/\/actu.fr\/tag\/tunnel-de-fourviere\" target=\"_blank\" rel=\"noopener\">tunnel de Fourvi\u00e8re<\/a>.<\/p>\n<p>Vid\u00e9os : en ce moment sur ActuUne portion interdite aux trottinettes \u00e9lectriques<\/p>\n<p class=\" wall-content\">En effet, beaucoup d\u2019internautes se sont pos\u00e9 la question dans les commentaires de l\u2019ill\u00e9galit\u00e9 ou non de ce comportement. <strong>Les v\u00e9hicules non motoris\u00e9s ne sont donc pas autoris\u00e9s<\/strong> \u00e0 emprunter cet axe limit\u00e9 \u00e0 70 km\/h, cette portion ayant un statut de voie rapide.<\/p>\n<p class=\" wall-content\">Sollicit\u00e9 par la r\u00e9daction d\u2019actu Lyon, l\u2019auteur de la vid\u00e9o, qui circulait en camion au moment o\u00f9 il a film\u00e9, n\u2019a pas r\u00e9pondu \u00e0 notre message.\u00a0<\/p>\n<p class=\" wall-content\">Suivez toute l\u2019actualit\u00e9 de vos villes et m\u00e9dias favoris en vous inscrivant \u00e0 <a href=\"https:\/\/moncompte.actu.fr\" title=\"D\u00e9couvez Mon Actu\" rel=\"nofollow noopener\" data-trk=\"{&quot;cta&quot;:{&quot;action&quot;:&quot;https:\\\/\\\/moncompte.actu.fr&quot;,&quot;category&quot;:&quot;mon compte&quot;,&quot;from&quot;:&quot;article footer&quot;,&quot;name&quot;:&quot;Mon actu&quot;,&quot;type&quot;:&quot;cta&quot;}}\" target=\"_blank\">Mon Actu<\/a>.<\/p>\n<p>                    <script async src=\"\/\/www.tiktok.com\/embed.js\"><\/script><\/p>\n","protected":false},"excerpt":{"rendered":"Par Anthony Soudani Publi\u00e9 le 14 avr. 2025 \u00e0 12h27 La vid\u00e9o publi\u00e9e vendredi 11 avril a beaucoup&hellip;\n","protected":false},"author":2,"featured_media":24054,"comment_status":"","ping_status":"","sticky":false,"template":"","format":"standard","meta":{"footnotes":""},"categories":[1889],"tags":[1111,11,2430,1777,674,1011,27,1757,2428,12,25,2439,8689],"class_list":{"0":"post-24053","1":"post","2":"type-post","3":"status-publish","4":"format-standard","5":"has-post-thumbnail","7":"category-lyon","8":"tag-actu","9":"tag-actualites","10":"tag-auvergne-rhone-alpes","11":"tag-eu","12":"tag-europe","13":"tag-fr","14":"tag-france","15":"tag-insolite","16":"tag-lyon","17":"tag-news","18":"tag-republique-francaise","19":"tag-tiktok","20":"tag-tunnel-de-fourviere"},"share_on_mastodon":{"url":"https:\/\/pubeurope.com\/@fr\/114335923947360466","error":""},"_links":{"self":[{"href":"https:\/\/www.europesays.com\/fr\/wp-json\/wp\/v2\/posts\/24053","targetHints":{"allow":["GET"]}}],"collection":[{"href":"https:\/\/www.europesays.com\/fr\/wp-json\/wp\/v2\/posts"}],"about":[{"href":"https:\/\/www.europesays.com\/fr\/wp-json\/wp\/v2\/types\/post"}],"author":[{"embeddable":true,"href":"https:\/\/www.europesays.com\/fr\/wp-json\/wp\/v2\/users\/2"}],"replies":[{"embeddable":true,"href":"https:\/\/www.europesays.com\/fr\/wp-json\/wp\/v2\/comments?post=24053"}],"version-history":[{"count":0,"href":"https:\/\/www.europesays.com\/fr\/wp-json\/wp\/v2\/posts\/24053\/revisions"}],"wp:featuredmedia":[{"embeddable":true,"href":"https:\/\/www.europesays.com\/fr\/wp-json\/wp\/v2\/media\/24054"}],"wp:attachment":[{"href":"https:\/\/www.europesays.com\/fr\/wp-json\/wp\/v2\/media?parent=24053"}],"wp:term":[{"taxonomy":"category","embeddable":true,"href":"https:\/\/www.europesays.com\/fr\/wp-json\/wp\/v2\/categories?post=24053"},{"taxonomy":"post_tag","embeddable":true,"href":"https:\/\/www.europesays.com\/fr\/wp-json\/wp\/v2\/tags?post=24053"}],"curies":[{"name":"wp","href":"https:\/\/api.w.org\/{rel}","templated":true}]}}