{"id":240536,"date":"2025-07-10T17:22:12","date_gmt":"2025-07-10T17:22:12","guid":{"rendered":"https:\/\/www.europesays.com\/fr\/240536\/"},"modified":"2025-07-10T17:22:12","modified_gmt":"2025-07-10T17:22:12","slug":"xabi-alonso-perd-le-controle-apres-lhumiliation-face-au-psg","status":"publish","type":"post","link":"https:\/\/www.europesays.com\/fr\/240536\/","title":{"rendered":"Xabi Alonso perd le contr\u00f4le apr\u00e8s l&rsquo;humiliation face au PSG"},"content":{"rendered":"<p data-testid=\"article-teaser\">Le coach du Real Madrid, Xabi Alonso, ne se fait aucune illusion quant \u00e0 la t\u00e2che qui l&rsquo;attend apr\u00e8s l&rsquo;\u00e9limination de son \u00e9quipe de la Coupe du monde des clubs de la FIFA.<\/p>\n<p>Les Merengues ont \u00e9t\u00e9 \u00e9limin\u00e9s en demi-finale apr\u00e8s avoir \u00e9t\u00e9 battus 4-0 par le PSG, vainqueur de la Ligue des champions de l&rsquo;UEFA, dans le New Jersey.<\/p>\n<p>Des erreurs d\u00e9fensives ont mis le Real Madrid sur la d\u00e9fensive d\u00e8s le d\u00e9but, mais en r\u00e9alit\u00e9, ils n&rsquo;ont jamais \u00e9t\u00e9 \u00e0 la hauteur de l&rsquo;\u00e9quipe en pleine forme de Luis Enrique.<\/p>\n<p>Apr\u00e8s avoir facilement atteint les demi-finales, Alonso passera les prochaines semaines \u00e0 r\u00e9fl\u00e9chir \u00e0 la mani\u00e8re et aux domaines dans lesquels son \u00e9quipe doit s&rsquo;am\u00e9liorer.<\/p>\n<p>L&rsquo;article continue ci-dessousAlonso compare le Real Madrid au PSG<\/p>\n<p>Alonso a clairement exprim\u00e9 son opinion sur la situation actuelle de son \u00e9quipe et estime qu&rsquo;elle est loin d&rsquo;atteindre le niveau actuel du PSG.<\/p>\n<p>\u00ab Il y a beaucoup \u00e0 analyser et \u00e0 apprendre. Nous savons d\u00e9sormais o\u00f9 nous en sommes, o\u00f9 nous devons nous am\u00e9liorer et o\u00f9 nous voulons aller, et nous allons nous y pr\u00e9parer.<\/p>\n<p>Le PSG est une \u00e9quipe. Nous venons tout juste de commencer notre parcours. Nous avons souffert et cela a \u00e9t\u00e9 difficile. Il y a beaucoup de choses que nous voulons am\u00e9liorer. Aujourd&rsquo;hui, c&rsquo;est douloureux. C&rsquo;est le dernier match de la saison 2024\/25. Notre saison commence d\u00e9sormais en ao\u00fbt. \u00bb<\/p>\n<p>\u00a0<\/p>\n","protected":false},"excerpt":{"rendered":"Le coach du Real Madrid, Xabi Alonso, ne se fait aucune illusion quant \u00e0 la t\u00e2che qui l&rsquo;attend&hellip;\n","protected":false},"author":2,"featured_media":240537,"comment_status":"","ping_status":"","sticky":false,"template":"","format":"standard","meta":{"footnotes":""},"categories":[1410],"tags":[18645,28918,63,1011,27,91,37079,4790,60],"class_list":{"0":"post-240536","1":"post","2":"type-post","3":"status-publish","4":"format-standard","5":"has-post-thumbnail","7":"category-football","8":"tag-coupe-du-monde-des-clubs-fifa","9":"tag-fifa-club-world-cup","10":"tag-football","11":"tag-fr","12":"tag-france","13":"tag-paris-saint-germain","14":"tag-paris-saint-germain-vs-real-madrid","15":"tag-real-madrid","16":"tag-sports"},"share_on_mastodon":{"url":"https:\/\/pubeurope.com\/@fr\/114830098124270949","error":""},"_links":{"self":[{"href":"https:\/\/www.europesays.com\/fr\/wp-json\/wp\/v2\/posts\/240536","targetHints":{"allow":["GET"]}}],"collection":[{"href":"https:\/\/www.europesays.com\/fr\/wp-json\/wp\/v2\/posts"}],"about":[{"href":"https:\/\/www.europesays.com\/fr\/wp-json\/wp\/v2\/types\/post"}],"author":[{"embeddable":true,"href":"https:\/\/www.europesays.com\/fr\/wp-json\/wp\/v2\/users\/2"}],"replies":[{"embeddable":true,"href":"https:\/\/www.europesays.com\/fr\/wp-json\/wp\/v2\/comments?post=240536"}],"version-history":[{"count":0,"href":"https:\/\/www.europesays.com\/fr\/wp-json\/wp\/v2\/posts\/240536\/revisions"}],"wp:featuredmedia":[{"embeddable":true,"href":"https:\/\/www.europesays.com\/fr\/wp-json\/wp\/v2\/media\/240537"}],"wp:attachment":[{"href":"https:\/\/www.europesays.com\/fr\/wp-json\/wp\/v2\/media?parent=240536"}],"wp:term":[{"taxonomy":"category","embeddable":true,"href":"https:\/\/www.europesays.com\/fr\/wp-json\/wp\/v2\/categories?post=240536"},{"taxonomy":"post_tag","embeddable":true,"href":"https:\/\/www.europesays.com\/fr\/wp-json\/wp\/v2\/tags?post=240536"}],"curies":[{"name":"wp","href":"https:\/\/api.w.org\/{rel}","templated":true}]}}