{"id":240542,"date":"2025-07-10T17:26:30","date_gmt":"2025-07-10T17:26:30","guid":{"rendered":"https:\/\/www.europesays.com\/fr\/240542\/"},"modified":"2025-07-10T17:26:30","modified_gmt":"2025-07-10T17:26:30","slug":"marie-portolano-recupere-lanimation-des-maternelles-ce-que-son-celebre-mari-lui-a-clairement-interdit-de-faire-en-plateau","status":"publish","type":"post","link":"https:\/\/www.europesays.com\/fr\/240542\/","title":{"rendered":"Marie Portolano r\u00e9cup\u00e8re l\u2019animation des \u00ab\u00a0Maternelles\u00a0\u00bb\u00a0: ce que son c\u00e9l\u00e8bre mari lui a clairement interdit de faire en plateau"},"content":{"rendered":"<p>      R\u00e9sum\u00e9<\/p>\n<p>Marie Portolano prendra les commandes des \u00ab\u00a0Maternelles\u00a0\u00bb \u00e0 la rentr\u00e9e et a fait une r\u00e9v\u00e9lation de taille \u00e0 ce sujet. Son c\u00e9l\u00e8bre mari refuse qu&rsquo;elle ne d\u00e9voile cet \u00e9l\u00e9ment de leur vie priv\u00e9e.<\/p>\n<p>        Sommaire<\/p>\n<p>Nul n&rsquo;est cens\u00e9 ignorer que Delphine Ernotte a <strong>rebattu les cartes sur France T\u00e9l\u00e9visions<\/strong> \u00e0 la rentr\u00e9e. Entre \u00e9victions et d\u00e9parts spontan\u00e9s, il va y avoir de <strong>gros changements<\/strong>. Par exemple, chaque matin, les t\u00e9l\u00e9spectateurs risques d&rsquo;\u00eatre chamboul\u00e9s puisque <a href=\"https:\/\/www.public.fr\/jai-fait-le-choix-de-ne-citer-personne-evincee-flavie-flament-fait-ses-adieux-a-telematin-sur-france-2\" target=\"_blank\" rel=\"noopener\">Flavie Flament et Julien Arnaud<\/a> n&rsquo;ont pas \u00e9t\u00e9 reconduits aux manettes de \u00ab\u00a0T\u00e9l\u00e9matin\u00a0\u00bb. Quant au programme qui suit, \u00ab\u00a0La Maison des Maternelles\u00a0\u00bb, l\u00e0 aussi il va y avoir <a href=\"https:\/\/www.public.fr\/agathe-lecaron-fait-ses-adieux-les-maternelles-cest-fini\" target=\"_blank\" rel=\"noopener\">du nouveau<\/a>. D\u00e9sormais, c&rsquo;est <strong>Marie Portolano <\/strong>qui sera au rendez-vous.<\/p>\n<p>\u00ab\u00a0Les Maternelles\u00a0\u00bb, une <strong><a href=\"https:\/\/www.public.fr\/france-2-la-maison-des-maternelles-interrompue-subitement-par-une-annonce-tragique\" target=\"_blank\" rel=\"noopener\">\u00e9mission culte<\/a> du service public<\/strong> diffus\u00e9 depuis 2001 du lundi au vendredi et qui a pour objectif d&rsquo;<strong>aiguiller<\/strong>, de <strong>conseiller<\/strong>, d&rsquo;<strong>aider <\/strong>les parents ou futurs parents. En 24 ans, plusieurs animatrices se sont pass\u00e9es le relais. Il y a d&rsquo;abord eu <strong>Ma\u00eftena Biraben<\/strong> (2001-2004), <strong><a href=\"https:\/\/www.public.fr\/karine-le-marchand-sa-fille-de-22-ans-alya-reclame-une-porsche-sur-instagram\" target=\"_blank\" rel=\"noopener\">Karine Le\u00a0Marchand<\/a> <\/strong>(2004-2009), \u00c9lizabeth Tchoungui (2009-2011), <strong>Daphn\u00e9 B\u00fcrki<\/strong> (2011-2012), <a href=\"https:\/\/www.public.fr\/exclu-public-julia-vignali-les-maternelles-je-suis-maman-d-un-petit-garcon-c-est-un-atout\" target=\"_blank\" rel=\"noopener\">Julia Vignali<\/a> (2012-2015), Sidonie Bonnec (2015-2016) et, enfin, <a href=\"https:\/\/www.public.fr\/les-maternelles-sauvee-par-agathe-lecaron-cette-chroniqueuse-perd-60-kilos-et-son-addiction-mortelle\" target=\"_blank\" rel=\"noopener\">Agathe Lecaron<\/a>.<\/p>\n<p>Mais alors pour parler t\u00e9tine, couches, biberon, sommeil, grosse col\u00e8re\u2026 Marie Portolano saura-t-elle de quoi elle parle dans \u00ab\u00a0La Maison des Maternelles\u00a0\u00bb\u00a0? \u00d4 que oui puisque <a href=\"https:\/\/www.public.fr\/marie-portolano-etrillee-par-pierre-menes-la-journaliste-celebre-de-son-cote-sa-nouvelle-et-importante-promotion\" target=\"_blank\" rel=\"noopener\">la journaliste bient\u00f4t quarantenaire<\/a> est <strong>maman de trois enfants<\/strong>. En effet, en 2014, elle a accueilli <strong>un gar\u00e7on pr\u00e9nomm\u00e9 James <\/strong>avec son ex. D\u00e9sormais mari\u00e9e \u00e0 <a href=\"https:\/\/www.public.fr\/diaporamas\/marie-portolano-premiere-interview-de-son-cheri-gregoire-ludig-en-direct-de-telematin\" target=\"_blank\" rel=\"noopener\">l&rsquo;humoriste Gr\u00e9goire Ludig<\/a>, tous les deux sont devenus les <strong>parents de deux enfants.<\/strong><\/p>\n<p>Marie Portolano \u00e0 la pr\u00e9sentation des \u00ab\u00a0Maternelles\u00a0\u00bb\u00a0: son mari met les choses au clair<\/p>\n<p>Ce mercredi 9\u00a0juillet, Marie Portolano a particip\u00e9 \u00e0 la conf\u00e9rence de presse de rentr\u00e9e de sa future \u00e9mission dans les locaux de France T\u00e9l\u00e9visions. L&rsquo;occasion pour <a href=\"https:\/\/www.google.com\/url?sa=t&amp;source=web&amp;rct=j&amp;opi=89978449&amp;url=https:\/\/vsd.fr\/59904-marie-portolano-agressee-sexuellement-a-17-ans-ce-traumatisme-quelle-a-toujours-cache-a-ses-parents\/&amp;ved=2ahUKEwin9o6ki7KOAxV5RKQEHQiJE2YQFnoECBUQAQ&amp;usg=AOvVaw3Rwh9l4tBiwwRtkJy9vHgb\" target=\"_blank\" rel=\"noopener\">l&rsquo;ex-pr\u00e9sentatrice de \u00ab\u00a0T\u00e9l\u00e9matin\u00a0\u00bb <\/a>d&rsquo;\u00e9voquer sa nomination et les cons\u00e9quences qu&rsquo;elle va avoir sur sa vie priv\u00e9e. Habituellement tr\u00e8s discr\u00e8te, elle a toutefois \u00e9voqu\u00e9 son c\u00e9l\u00e8bre mari\u00a0:  \u00ab\u00a0<strong>Je vis avec quelqu&rsquo;un qui d\u00e9teste parler de lui<\/strong>\u00ab\u00a0, a-t-elle d\u00e9voil\u00e9. Si bien que ce dernier lui a fait <strong>une demande tr\u00e8s pr\u00e9cise<\/strong>.<\/p>\n<p>Si <a href=\"https:\/\/www.google.com\/url?sa=t&amp;source=web&amp;rct=j&amp;opi=89978449&amp;url=https:\/\/vsd.fr\/64739-marie-portolano-tacle-avec-humour-son-ancien-collegue-thomas-sotto-elle-laccuse-de-tout-gacher-a-definir\/&amp;ved=2ahUKEwin9o6ki7KOAxV5RKQEHQiJE2YQFnoECCoQAQ&amp;usg=AOvVaw00COOgKQeD0jeL0apF3Syn\" target=\"_blank\" rel=\"noopener\">l&rsquo;ex journaliste sportive<\/a> et son ch\u00e9ri ont eu deux enfants en\u00a02022 et\u00a02024, on ne conna\u00eet pas leurs pr\u00e9noms. \u00ab\u00a0<strong>Il <\/strong>(Gr\u00e9goire Ludig, N.D.L.R) <strong>ne veut pas qu&rsquo;on donne le pr\u00e9nom de nos enfants <\/strong>et ne veut m\u00eame pas qu&rsquo;on sache si c&rsquo;est un gar\u00e7on o\u00f9 une fille. <strong>Je lui ai dit que \u00e7a allait forc\u00e9ment changer<\/strong>. Je veux bien ne pas donner le pr\u00e9nom de mes enfants, mais <strong>en direct, \u00e7a va finir par arriver<\/strong>. On est oblig\u00e9\u00a0\u00bb a ajout\u00e9 <a href=\"https:\/\/www.google.com\/url?sa=t&amp;source=web&amp;rct=j&amp;opi=89978449&amp;url=https:\/\/vsd.fr\/58337-jeter-au-bucher-marie-portolano-et-son-acolyte-thomas-sotto-font-de-nouvelles-revelations-sur-le-derapage-de-michel-drucker\/&amp;ved=2ahUKEwin9o6ki7KOAxV5RKQEHQiJE2YQFnoECB0QAQ&amp;usg=AOvVaw17zXfgVCXqk79PmzoOkyDh\" target=\"_blank\" rel=\"noopener\">sa belle<\/a> qui maintenant va devoir \u00e9viter de commettre une boulette.<\/p>\n<p>      Mentionn\u00e9s dans cet article<\/p>\n<p>\u00c0 lire aussi<\/p>\n","protected":false},"excerpt":{"rendered":"R\u00e9sum\u00e9 Marie Portolano prendra les commandes des \u00ab\u00a0Maternelles\u00a0\u00bb \u00e0 la rentr\u00e9e et a fait une r\u00e9v\u00e9lation de taille&hellip;\n","protected":false},"author":2,"featured_media":240543,"comment_status":"","ping_status":"","sticky":false,"template":"","format":"standard","meta":{"footnotes":""},"categories":[1356],"tags":[24726,58,847,59,1011,27,4467,2400,38015,33118,252,1364],"class_list":{"0":"post-240542","1":"post","2":"type-post","3":"status-publish","4":"format-standard","5":"has-post-thumbnail","7":"category-television","8":"tag-agathe-lecaron","9":"tag-divertissement","10":"tag-enfant","11":"tag-entertainment","12":"tag-fr","13":"tag-france","14":"tag-france-5","15":"tag-france-televisions","16":"tag-gregoire-ludig","17":"tag-marie-portolano","18":"tag-television","19":"tag-tv"},"share_on_mastodon":{"url":"https:\/\/pubeurope.com\/@fr\/114830113716882597","error":""},"_links":{"self":[{"href":"https:\/\/www.europesays.com\/fr\/wp-json\/wp\/v2\/posts\/240542","targetHints":{"allow":["GET"]}}],"collection":[{"href":"https:\/\/www.europesays.com\/fr\/wp-json\/wp\/v2\/posts"}],"about":[{"href":"https:\/\/www.europesays.com\/fr\/wp-json\/wp\/v2\/types\/post"}],"author":[{"embeddable":true,"href":"https:\/\/www.europesays.com\/fr\/wp-json\/wp\/v2\/users\/2"}],"replies":[{"embeddable":true,"href":"https:\/\/www.europesays.com\/fr\/wp-json\/wp\/v2\/comments?post=240542"}],"version-history":[{"count":0,"href":"https:\/\/www.europesays.com\/fr\/wp-json\/wp\/v2\/posts\/240542\/revisions"}],"wp:featuredmedia":[{"embeddable":true,"href":"https:\/\/www.europesays.com\/fr\/wp-json\/wp\/v2\/media\/240543"}],"wp:attachment":[{"href":"https:\/\/www.europesays.com\/fr\/wp-json\/wp\/v2\/media?parent=240542"}],"wp:term":[{"taxonomy":"category","embeddable":true,"href":"https:\/\/www.europesays.com\/fr\/wp-json\/wp\/v2\/categories?post=240542"},{"taxonomy":"post_tag","embeddable":true,"href":"https:\/\/www.europesays.com\/fr\/wp-json\/wp\/v2\/tags?post=240542"}],"curies":[{"name":"wp","href":"https:\/\/api.w.org\/{rel}","templated":true}]}}