{"id":240548,"date":"2025-07-10T17:29:10","date_gmt":"2025-07-10T17:29:10","guid":{"rendered":"https:\/\/www.europesays.com\/fr\/240548\/"},"modified":"2025-07-10T17:29:10","modified_gmt":"2025-07-10T17:29:10","slug":"lacces-aux-urgences-regule-des-le-15-juillet-annonce-lars-de-corse","status":"publish","type":"post","link":"https:\/\/www.europesays.com\/fr\/240548\/","title":{"rendered":"l&rsquo;acc\u00e8s aux urgences r\u00e9gul\u00e9 d\u00e8s le 15\u00a0juillet, annonce l&rsquo;ARS de Corse"},"content":{"rendered":"<p>L&rsquo;acc\u00e8s aux urgences bient\u00f4t soumis \u00e0 une r\u00e9gulation\u00a0? La mesure a \u00e9t\u00e9 confirm\u00e9e ce mercredi 9\u00a0juillet, \u00e0 Ajaccio par l&rsquo;agence r\u00e9gionale de sant\u00e9 (ARS), \u00e0 l&rsquo;occasion de la pr\u00e9sentation de son plan estival 2025.<\/p>\n<p>Parmi les mesures annonc\u00e9es, une \u00e9volution marquante \u00e0 Bastia\u00a0: \u00e0 compter du 15\u00a0juillet, l&rsquo;acc\u00e8s au service des urgences sera conditionn\u00e9 \u00e0 un appel pr\u00e9alable au 15, sauf en cas d&rsquo;urgence vitale.<\/p>\n<p>Une r\u00e9gulation qui vise \u00e0 mieux orienter les patients et \u00e0 <strong>pr\u00e9server les capacit\u00e9s hospitali\u00e8res<\/strong> durant la p\u00e9riode estivale. \u00ab\u00a0Nous n&rsquo;avons pas pu forc\u00e9ment armer l&rsquo;h\u00f4pital de Bastia \u00e0 la hauteur de ce que nous souhaitions\u00a0\u00bb, regrette Marie-H\u00e9l\u00e8ne Lecenne, directrice g\u00e9n\u00e9rale de l&rsquo;ARS Corse. \u00c0 l&rsquo;occasion de son point presse annuel, elle annonce prendre \u00ab\u00a0une d\u00e9cision nouvelle pour la Corse\u00a0\u00bb.<\/p>\n<p>Prioriser les patients selon la gravit\u00e9 de leur \u00e9tat<\/p>\n<p>Si la r\u00e9gulation ne vise, pour l&rsquo;heure, que le centre hospitalier de Bastia, elle s&rsquo;inscrit dans un contexte plus large de tension sur le syst\u00e8me de sant\u00e9 insulaire.<\/p>\n<p>Face \u00e0 des ressources m\u00e9dicales limit\u00e9es, chaque passage non justifi\u00e9 aux urgences risque d&rsquo;allonger les d\u00e9lais pour les vraies situations critiques. \u00ab\u00a0Un acc\u00e8s r\u00e9gul\u00e9 au service des urgences permettra de mieux prioriser les patients en fonction de la gravit\u00e9 de leur \u00e9tat\u00a0\u00bb, pr\u00e9cise l&rsquo;ARS.<\/p>\n<p>Objectif affich\u00e9\u00a0: soulager les \u00e9quipes soignantes et assurer un accueil s\u00e9curis\u00e9 des patients, dans un contexte o\u00f9 les renforts se rar\u00e9fient et les plannings restent partiellement couverts \u00e0 Bastia. Une conf\u00e9rence de presse est pr\u00e9vue ce jeudi 10\u00a0juillet, \u00e0 Bastia, pour en pr\u00e9ciser les modalit\u00e9s.<\/p>\n<p>Cette r\u00e9organisation s&rsquo;accompagne du d\u00e9veloppement de solutions de proximit\u00e9, destin\u00e9es \u00e0 \u00e9viter les passages inutiles \u00e0 l&rsquo;h\u00f4pital. Sur le terrain, l&rsquo;offre s&rsquo;est \u00e9toff\u00e9e\u00a0: une trentaine de pharmacies corses participent d\u00e9sormais au dispositif Osys (orientation dans le syst\u00e8me de soins), lanc\u00e9 en janvier\u00a02024.<\/p>\n<p>Elles peuvent traiter certaines pathologies b\u00e9nignes, effectuer des tests rapides et d\u00e9livrer, si n\u00e9cessaire, des antibiotiques sans consultation m\u00e9dicale. \u00ab\u00a0Ce dispositif exp\u00e9rimental \u00e9largit le p\u00e9rim\u00e8tre des r\u00e9ponses des pharmaciens\u00a0\u00bb, indique l&rsquo;ARS, pr\u00e9cisant que la cartographie est d\u2019ores et d\u00e9j\u00e0 disponible au grand public.<\/p>\n<p>Un parcours d&rsquo;orientation en trois \u00e9tapes<\/p>\n<p>Par-del\u00e0 l&rsquo;annonce de la r\u00e9gulation bastiaise, l&rsquo;ARS propose un parcours d&rsquo;orientation structur\u00e9. D&rsquo;abord, contacter son m\u00e9decin traitant, qui reste l&rsquo;interlocuteur privil\u00e9gi\u00e9. \u00ab\u00a0La plupart des praticiens insulaires restent mobilis\u00e9s durant l&rsquo;\u00e9t\u00e9\u00a0\u00bb, rappelle Marie-H\u00e9l\u00e8ne Lecenne, laquelle appelle \u00e0 se tourner dans un deuxi\u00e8me temps vers le site sant\u00e9.fr.<\/p>\n<p>Le patient peut ainsi consulter les lieux de soins disponibles \u00e0 proximit\u00e9, y compris les cabinets ouverts sans rendez-vous.<\/p>\n<p>Enfin, en cas de doute ou \u00e0 d\u00e9faut de solution, il s&rsquo;agit de d\u00e9crocher son t\u00e9l\u00e9phone. \u00ab\u00a0Avec le service d&rsquo;acc\u00e8s aux soins, un simple appel au 15 permet de trouver la r\u00e9ponse adapt\u00e9e \u00e0 son besoin\u00a0\u00bb, souligne l&rsquo;ARS. Au m\u00e9decin r\u00e9gulateur d&rsquo;\u00e9valuer la situation et d&rsquo;orienter vers la prise en charge la plus adapt\u00e9e\u00a0: consultation, maison m\u00e9dicale de garde, pharmacie ou urgences, le cas \u00e9ch\u00e9ant.<\/p>\n<p>Vers un d\u00e9sengorgement des h\u00f4pitaux\u00a0?<\/p>\n<p>Enfin, pour soulager l&rsquo;h\u00f4pital, l&rsquo;ARS pr\u00e9f\u00e8re miser sur un maillage resserr\u00e9 des soins\u00a0: hospitalisation \u00e0 domicile, appui du secteur priv\u00e9 ou encore mobilisation des Ehpad et des services de suite. Mais \u00e0 Bastia comme ailleurs, l&rsquo;objectif reste le m\u00eame\u00a0: fluidifier les parcours et garantir une r\u00e9ponse adapt\u00e9e, sans alourdir les services hospitaliers.<\/p>\n","protected":false},"excerpt":{"rendered":"L&rsquo;acc\u00e8s aux urgences bient\u00f4t soumis \u00e0 une r\u00e9gulation\u00a0? La mesure a \u00e9t\u00e9 confirm\u00e9e ce mercredi 9\u00a0juillet, \u00e0 Ajaccio&hellip;\n","protected":false},"author":2,"featured_media":240549,"comment_status":"","ping_status":"","sticky":false,"template":"","format":"standard","meta":{"footnotes":""},"categories":[10],"tags":[17,23731,2562,1007,5621,1102,1011,27,72,7113,17878,71],"class_list":{"0":"post-240548","1":"post","2":"type-post","3":"status-publish","4":"format-standard","5":"has-post-thumbnail","7":"category-sante","8":"tag-17","9":"tag-acces","10":"tag-annonce","11":"tag-aux","12":"tag-bastia","13":"tag-breakingnews","14":"tag-fr","15":"tag-france","16":"tag-health","17":"tag-lagence","18":"tag-regionale","19":"tag-sante"},"share_on_mastodon":{"url":"https:\/\/pubeurope.com\/@fr\/114830125554724937","error":""},"_links":{"self":[{"href":"https:\/\/www.europesays.com\/fr\/wp-json\/wp\/v2\/posts\/240548","targetHints":{"allow":["GET"]}}],"collection":[{"href":"https:\/\/www.europesays.com\/fr\/wp-json\/wp\/v2\/posts"}],"about":[{"href":"https:\/\/www.europesays.com\/fr\/wp-json\/wp\/v2\/types\/post"}],"author":[{"embeddable":true,"href":"https:\/\/www.europesays.com\/fr\/wp-json\/wp\/v2\/users\/2"}],"replies":[{"embeddable":true,"href":"https:\/\/www.europesays.com\/fr\/wp-json\/wp\/v2\/comments?post=240548"}],"version-history":[{"count":0,"href":"https:\/\/www.europesays.com\/fr\/wp-json\/wp\/v2\/posts\/240548\/revisions"}],"wp:featuredmedia":[{"embeddable":true,"href":"https:\/\/www.europesays.com\/fr\/wp-json\/wp\/v2\/media\/240549"}],"wp:attachment":[{"href":"https:\/\/www.europesays.com\/fr\/wp-json\/wp\/v2\/media?parent=240548"}],"wp:term":[{"taxonomy":"category","embeddable":true,"href":"https:\/\/www.europesays.com\/fr\/wp-json\/wp\/v2\/categories?post=240548"},{"taxonomy":"post_tag","embeddable":true,"href":"https:\/\/www.europesays.com\/fr\/wp-json\/wp\/v2\/tags?post=240548"}],"curies":[{"name":"wp","href":"https:\/\/api.w.org\/{rel}","templated":true}]}}