{"id":24055,"date":"2025-04-14T10:48:08","date_gmt":"2025-04-14T10:48:08","guid":{"rendered":"https:\/\/www.europesays.com\/fr\/24055\/"},"modified":"2025-04-14T10:48:08","modified_gmt":"2025-04-14T10:48:08","slug":"sncf-la-cgt-appelle-a-la-greve-des-le-5-mai-et-laisse-planer-la-menace-dune-semaine-noire-en-ile-de-france","status":"publish","type":"post","link":"https:\/\/www.europesays.com\/fr\/24055\/","title":{"rendered":"SNCF\u00a0: la CGT appelle \u00e0 la gr\u00e8ve d\u00e8s le 5\u00a0mai et laisse planer la menace d\u2019une \u00ab\u00a0semaine noire\u00a0\u00bb en \u00cele-de-France"},"content":{"rendered":"<p class=\"paragraph text_align_left\">Va-t-on vivre une \u00ab\u00a0semaine noire\u00a0\u00bb dans les transports\u00a0? Le sc\u00e9nario se dessine depuis que la CGT-Cheminots, premi\u00e8re organisation syndicale de la SNCF, a <a href=\"https:\/\/www.leparisien.fr\/economie\/sncf-la-cgt-cheminots-appelle-a-son-tour-a-la-greve-des-le-5-mai-12-04-2025-MFSWXAWEVFD7XDCRNQ77RTGOXU.php\" target=\"_blank\" rel=\"nofollow noopener\">appel\u00e9 \u00e0 une gr\u00e8ve \u00e0 compter du 5\u00a0mai<\/a>, apr\u00e8s des appels \u00e0 la gr\u00e8ve d\u2019autres organisations. \u00ab\u00a0La f\u00e9d\u00e9ration CGT appelle de nouveau\u00a0\u00bb les contr\u00f4leurs comme les conducteurs \u00ab\u00a0\u00e0 agir conjointement par la gr\u00e8ve d\u00e8s le 5\u00a0mai\u00a0\u00bb, a-t-elle \u00e9crit dans un communiqu\u00e9, tandis que des sections franciliennes ont \u00e9voqu\u00e9 ce lundi une \u00ab\u00a0semaine noire\u00a0\u00bb dans la r\u00e9gion \u00e0 partir du 5\u00a0mai.<\/p>\n<p class=\"paragraph text_align_left\">Le troisi\u00e8me syndicat du groupe, SUD-Rail, avait <a href=\"https:\/\/www.leparisien.fr\/economie\/sncf-le-syndicat-sud-rail-appelle-les-controleurs-a-faire-greve-le-week-end-des-9-10-et-11-mai-04-04-2025-ZP4XEAFAUFETNNPRQ2DTWRTNGA.php\" target=\"_blank\" rel=\"nofollow noopener\">d\u00e9j\u00e0 appel\u00e9 \u00e0 une gr\u00e8ve des contr\u00f4leurs<\/a> pour les 9, 10 et 11\u00a0mai, en plein pont du 8-Mai, rejoint ensuite par un influent collectif de contr\u00f4leurs. Il avait \u00e9galement appel\u00e9 les conducteurs \u00e0 la gr\u00e8ve le 7\u00a0mai, veille de jour f\u00e9ri\u00e9.<\/p>\n<p class=\"paragraph text_align_left\">La CGT demande, pour les contr\u00f4leurs, une \u00ab\u00a0revalorisation\u00a0\u00bb de la \u00ab\u00a0prime de travail\u00a0\u00bb ainsi que la revue des \u00ab\u00a0param\u00e8tres\u00a0\u00bb des logiciels d\u2019organisation du travail qui provoquent \u00ab\u00a0d\u2019importants d\u00e9sagr\u00e9ments dans le quotidien\u00a0\u00bb des agents. Pour les conducteurs, le syndicat souhaite la \u00ab\u00a0r\u00e9ouverture des n\u00e9gociations sur la refonte de la prime traction\u00a0\u00bb, un \u00ab\u00a0\u00e9l\u00e9ment de r\u00e9mun\u00e9ration important chez les conducteurs.\u00a0\u00bb<\/p>\n<p>Contexte diff\u00e9rent<\/p>\n<p class=\"paragraph text_align_left\">\u00c0 ce sujet, des sections franciliennes de la CGT souhaitent que cette prime ne soit plus \u00ab\u00a0amput\u00e9e en cas de maladie\u00a0\u00bb ou \u00ab\u00a0inaptitude\u00a0\u00bb ou que soit vers\u00e9e \u00ab\u00a0une prime de technicit\u00e9 en fonction des trains conduits.\u00a0\u00bb La CGT envisage \u00ab\u00a0d\u2019ores et d\u00e9j\u00e0 une journ\u00e9e d\u2019action nationale tous services d\u00e8s d\u00e9but juin\u00a0\u00bb, ont \u00e9galement rapport\u00e9 les sections franciliennes.<\/p>\n<p class=\"paragraph text_align_left\">Sollicit\u00e9e par l\u2019AFP, la direction de SNCF Voyageurs a estim\u00e9 que \u00ab\u00a0le temps est au dialogue social, c\u2019est la seule voie possible\u00a0\u00bb. Les organisations syndicales ont \u00e9t\u00e9 re\u00e7ues ces derniers jours.<\/p>\n<p class=\"paragraph text_align_left\">D\u00e9but avril, le PDG de SNCF Voyageurs, Christophe Fanichet, s\u2019\u00e9tait dit sur France Inter \u00ab\u00a0tr\u00e8s confiant\u00a0\u00bb dans le fait que le \u00ab\u00a0dialogue social\u00a0\u00bb allait \u00ab\u00a0<a href=\"https:\/\/www.leparisien.fr\/economie\/comment-la-sncf-espere-eviter-la-greve-prevue-lors-du-pont-de-mai-06-04-2025-V4YSQ6KQHZHRJDUPKO6ANSC3JQ.php\" target=\"_blank\" rel=\"nofollow noopener\">permettre \u00e0 tous les Fran\u00e7ais de voyager en s\u00e9r\u00e9nit\u00e9<\/a> dans les prochaines semaines\u00a0\u00bb. \u00ab\u00a0On change un peu de contexte, on est maintenant en concurrence (\u2026) et on ne peut vraiment pas se permettre une gr\u00e8ve\u00a0\u00bb, avait-il ajout\u00e9.<\/p>\n","protected":false},"excerpt":{"rendered":"Va-t-on vivre une \u00ab\u00a0semaine noire\u00a0\u00bb dans les transports\u00a0? Le sc\u00e9nario se dessine depuis que la CGT-Cheminots, premi\u00e8re organisation&hellip;\n","protected":false},"author":2,"featured_media":24056,"comment_status":"","ping_status":"","sticky":false,"template":"","format":"standard","meta":{"footnotes":""},"categories":[1592],"tags":[1111,11,1777,674,1011,27,662,1944,12,626,25,2382],"class_list":{"0":"post-24055","1":"post","2":"type-post","3":"status-publish","4":"format-standard","5":"has-post-thumbnail","7":"category-ile-de-france","8":"tag-actu","9":"tag-actualites","10":"tag-eu","11":"tag-europe","12":"tag-fr","13":"tag-france","14":"tag-ile-de-france","15":"tag-ma-ville","16":"tag-news","17":"tag-paris","18":"tag-republique-francaise","19":"tag-transport-idf-oise"},"share_on_mastodon":{"url":"https:\/\/pubeurope.com\/@fr\/114335927730442622","error":""},"_links":{"self":[{"href":"https:\/\/www.europesays.com\/fr\/wp-json\/wp\/v2\/posts\/24055","targetHints":{"allow":["GET"]}}],"collection":[{"href":"https:\/\/www.europesays.com\/fr\/wp-json\/wp\/v2\/posts"}],"about":[{"href":"https:\/\/www.europesays.com\/fr\/wp-json\/wp\/v2\/types\/post"}],"author":[{"embeddable":true,"href":"https:\/\/www.europesays.com\/fr\/wp-json\/wp\/v2\/users\/2"}],"replies":[{"embeddable":true,"href":"https:\/\/www.europesays.com\/fr\/wp-json\/wp\/v2\/comments?post=24055"}],"version-history":[{"count":0,"href":"https:\/\/www.europesays.com\/fr\/wp-json\/wp\/v2\/posts\/24055\/revisions"}],"wp:featuredmedia":[{"embeddable":true,"href":"https:\/\/www.europesays.com\/fr\/wp-json\/wp\/v2\/media\/24056"}],"wp:attachment":[{"href":"https:\/\/www.europesays.com\/fr\/wp-json\/wp\/v2\/media?parent=24055"}],"wp:term":[{"taxonomy":"category","embeddable":true,"href":"https:\/\/www.europesays.com\/fr\/wp-json\/wp\/v2\/categories?post=24055"},{"taxonomy":"post_tag","embeddable":true,"href":"https:\/\/www.europesays.com\/fr\/wp-json\/wp\/v2\/tags?post=24055"}],"curies":[{"name":"wp","href":"https:\/\/api.w.org\/{rel}","templated":true}]}}