{"id":240556,"date":"2025-07-10T17:33:11","date_gmt":"2025-07-10T17:33:11","guid":{"rendered":"https:\/\/www.europesays.com\/fr\/240556\/"},"modified":"2025-07-10T17:33:11","modified_gmt":"2025-07-10T17:33:11","slug":"comment-la-facture-du-credit-dimpot-emploi-a-domicile-sest-envolee","status":"publish","type":"post","link":"https:\/\/www.europesays.com\/fr\/240556\/","title":{"rendered":"comment la facture du cr\u00e9dit d\u2019imp\u00f4t emploi \u00e0 domicile s\u2019est envol\u00e9e"},"content":{"rendered":"<p><strong>D\u00c9CRYPTAGE &#8211;<\/strong> Pens\u00e9e \u00e0 l\u2019origine pour soutenir les d\u00e9penses des actifs, cette niche fiscale a vu son p\u00e9rim\u00e8tre s\u2019\u00e9largir au fil des r\u00e9formes. Jusqu\u2019\u00e0 devenir une d\u00e9pense de pr\u00e8s de 7 milliards d\u2019euros dont l\u2019usage suscite aujourd\u2019hui la m\u00e9fiance de Bercy.<\/p>\n<p class=\"fig-paragraph\">Certains ne peuvent plus s\u2019en passer. D\u2019autres y voient une niche sociale plus que fiscale. Quelques-uns l&rsquo;utiliseraient pour financer des \u00abd\u00e9penses de confort\u00bb, selon Bercy. Une chose est s\u00fbre\u00a0: le remaniement du cr\u00e9dit d\u2019imp\u00f4t pour l\u2019emploi \u00e0 domicile\u00a0<a href=\"http:\/\/www.lefigaro.fr\/conjoncture\/sans-le-credit-d-impot-je-n-en-ai-plus-les-moyens-ces-francais-inquiets-d-un-coup-de-rabot-sur-l-emploi-a-domicile-20250709\" data-fig-type=\"NewsFlash\" data-gtm-custom-categorie=\"navigation\" data-gtm-custom-action=\"crossclick\" data-gtm-custom-label=\"Contextuel\" data-gtm-event=\"customEventSPE\" data-fig-domain=\"LEFIGARO\" target=\"_blank\" rel=\"noopener\">inqui\u00e8te autant les 4 millions de particuliers qui en b\u00e9n\u00e9ficient que les entreprises qui se sont d\u00e9velopp\u00e9es gr\u00e2ce \u00e0 cette manne<\/a>. Et pour cause\u00a0: les 6,8 milliards d\u2019euros d\u00e9pens\u00e9s par les finances publiques en 2024 pour soutenir le dispositif sont d\u00e9sormais dans le viseur d\u2019Am\u00e9lie de Montchalin, ministre des Comptes publics, qui recherche d\u00e9sesp\u00e9r\u00e9ment 40 milliards d\u2019\u00e9conomies pour le budget 2026.<\/p>\n<p class=\"fig-paragraph\">Il faut dire que les d\u00e9penses li\u00e9es \u00e0 cette \u00abniche fiscale\u00bb \u2013 la deuxi\u00e8me en termes de co\u00fbt pour l\u2019\u00c9tat, derri\u00e8re le cr\u00e9dit d\u2019imp\u00f4t recherche \u2013 ne cessent de cro\u00eetre depuis sa mise en place il y a plus de 30 ans. Et plus encore ces derni\u00e8res ann\u00e9es. En 2018, les d\u00e9penses engag\u00e9es par l\u2019\u00c9tat ont franchi la barre des 4 milliards d\u2019euros\u2026<\/p>\n<p class=\"fig-premium-paywall__infos\">\n        Cet article est r\u00e9serv\u00e9 aux abonn\u00e9s.        Il vous reste 82% \u00e0 d\u00e9couvrir.\n    <\/p>\n<p>                <img  data- alt=\"Le Figaro\" class=\"fig-img--complete fig-img\"\/><\/p>\n<p class=\"fig-premium-paywall__title\">Vous avez envie de lire la suite ?<\/p>\n<p class=\"fig-premium-paywall__subtitle\">D\u00e9bloquez tous les articles imm\u00e9diatement.<\/p>\n<p class=\"fig-premium-paywall__connect\">\n                D\u00e9j\u00e0 abonn\u00e9\u00a0?                <a class=\"fig-premium-paywall__connect-link\" href=\"https:\/\/connect.lefigaro.fr\/login?client=horizon_web&amp;type=main&amp;redirect_uri=https%3A%2F%2Fwww.lefigaro.fr%2Fsocial%2Fde-4-a-7-milliards-d-euros-en-sept-ans-comment-la-facture-du-credit-d-impot-emploi-a-domicile-s-est-envolee-20250710\" data-js-gtm=\"{&quot;customCategorie&quot;: &quot;conversion&quot;, &quot;customAction&quot;: &quot;before_Landing_Connexion_paywall_auto&quot;, &quot;customLabel&quot;: &quot;bGVmaWdhcm8uZnJfXzFmMDVjYTA1LWY1OTItNjMxMi1hM2FjLTQ1ZTJiMzMzODY5YV9fQXJ0aWNsZQ==_De 4 \u00e0 7 milliards d\u2019euros en sept ans\u00a0: comment la facture du cr\u00e9dit d\u2019imp\u00f4t emploi \u00e0 domicile s\u2019est envol\u00e9e_334&quot;, &quot;customIDSPE&quot;: &quot;bGVmaWdhcm8uZnJfXzFmMDVjYTA1LWY1OTItNjMxMi1hM2FjLTQ1ZTJiMzMzODY5YV9fQXJ0aWNsZQ==&quot;, &quot;event&quot;: &quot;customEventSPE&quot;}\" target=\"_blank\" rel=\"noopener\"><br \/>\n                    Connectez-vous<br \/>\n                <\/a>\n            <\/p>\n","protected":false},"excerpt":{"rendered":"D\u00c9CRYPTAGE &#8211; Pens\u00e9e \u00e0 l\u2019origine pour soutenir les d\u00e9penses des actifs, cette niche fiscale a vu son p\u00e9rim\u00e8tre&hellip;\n","protected":false},"author":2,"featured_media":240557,"comment_status":"","ping_status":"","sticky":false,"template":"","format":"standard","meta":{"footnotes":""},"categories":[6],"tags":[1003,35,30029,7993,33,34,38017,1011,27],"class_list":{"0":"post-240556","1":"post","2":"type-post","3":"status-publish","4":"format-standard","5":"has-post-thumbnail","7":"category-economie","8":"tag-budget","9":"tag-business","10":"tag-credit-dimpot","11":"tag-dette-publique","12":"tag-economie","13":"tag-economy","14":"tag-emploi-a-domicile","15":"tag-fr","16":"tag-france"},"share_on_mastodon":{"url":"https:\/\/pubeurope.com\/@fr\/114830141256409893","error":""},"_links":{"self":[{"href":"https:\/\/www.europesays.com\/fr\/wp-json\/wp\/v2\/posts\/240556","targetHints":{"allow":["GET"]}}],"collection":[{"href":"https:\/\/www.europesays.com\/fr\/wp-json\/wp\/v2\/posts"}],"about":[{"href":"https:\/\/www.europesays.com\/fr\/wp-json\/wp\/v2\/types\/post"}],"author":[{"embeddable":true,"href":"https:\/\/www.europesays.com\/fr\/wp-json\/wp\/v2\/users\/2"}],"replies":[{"embeddable":true,"href":"https:\/\/www.europesays.com\/fr\/wp-json\/wp\/v2\/comments?post=240556"}],"version-history":[{"count":0,"href":"https:\/\/www.europesays.com\/fr\/wp-json\/wp\/v2\/posts\/240556\/revisions"}],"wp:featuredmedia":[{"embeddable":true,"href":"https:\/\/www.europesays.com\/fr\/wp-json\/wp\/v2\/media\/240557"}],"wp:attachment":[{"href":"https:\/\/www.europesays.com\/fr\/wp-json\/wp\/v2\/media?parent=240556"}],"wp:term":[{"taxonomy":"category","embeddable":true,"href":"https:\/\/www.europesays.com\/fr\/wp-json\/wp\/v2\/categories?post=240556"},{"taxonomy":"post_tag","embeddable":true,"href":"https:\/\/www.europesays.com\/fr\/wp-json\/wp\/v2\/tags?post=240556"}],"curies":[{"name":"wp","href":"https:\/\/api.w.org\/{rel}","templated":true}]}}