{"id":240560,"date":"2025-07-10T17:35:10","date_gmt":"2025-07-10T17:35:10","guid":{"rendered":"https:\/\/www.europesays.com\/fr\/240560\/"},"modified":"2025-07-10T17:35:10","modified_gmt":"2025-07-10T17:35:10","slug":"les-deux-femmes-a-lorigine-de-la-fausse-rumeur-sur-sa-transidentite-relaxees-en-appel","status":"publish","type":"post","link":"https:\/\/www.europesays.com\/fr\/240560\/","title":{"rendered":"Les deux femmes \u00e0 l\u2019origine de la fausse rumeur sur sa transidentit\u00e9 relax\u00e9es en appel"},"content":{"rendered":"<p>L\u2019infox est devenue virale jusqu\u2019aux <a href=\"https:\/\/www.20minutes.fr\/monde\/etats-unis\/\" target=\"_blank\" class=\"color-ultramarine c-link\" rel=\"noopener\">Etats-Unis<\/a>. <a href=\"https:\/\/www.20minutes.fr\/politique\/brigitte-macron\/\" target=\"_blank\" class=\"color-ultramarine c-link\" rel=\"noopener\">Brigitte Macron<\/a> serait en r\u00e9alit\u00e9 une femme transgenre. C\u2019est ce qu\u2019ont soutenu deux femmes en propageant cette fausse rumeur. <a href=\"https:\/\/www.20minutes.fr\/justice\/4096785-20240619-rumeur-transidentite-brigitte-macron-medium-journaliste-jugees-diffamation\" target=\"_blank\" class=\"color-ultramarine c-link\" rel=\"noopener\">Les deux pr\u00e9venues<\/a>, Natacha Rey et Amandine Roy, ont \u00e9t\u00e9 relax\u00e9es jeudi par la cour d\u2019appel de Paris concernant 18 articles mis en cause par la premi\u00e8re dame et son fr\u00e8re.<\/p>\n<p>Seul un passage faisant r\u00e9f\u00e9rence \u00e0 un d\u00e9tournement de mineur entrait dans le champ d\u2019application de la loi sur la presse mais la cour a \u00e9galement prononc\u00e9 une relaxe, cette fois au b\u00e9n\u00e9fice de la bonne foi.<\/p>\n<\/p>\n<p>\u00ab\u00a0Je vais voir avec mes clients ce que nous allons faire mais bien \u00e9videmment, nous ne sommes pas d\u2019accord\u00a0\u00bb avec ce jugement, a insist\u00e9 Me Jean Ennochi, l\u2019avocat de la Premi\u00e8re dame. \u00ab\u00a0Natacha Rey, pourchass\u00e9e, pers\u00e9cut\u00e9e, condamn\u00e9e. Mais finalement Natacha Rey relax\u00e9e\u00a0\u00bb, s\u2019est de son c\u00f4t\u00e9 f\u00e9licit\u00e9 son avocat, Me Fran\u00e7ois Danglehant \u00e0 la sortie de la salle devant une trentaine de soutiens de la jeune femme.<\/p>\n<p>Condamn\u00e9es en premi\u00e8re instance<\/p>\n<p>En premi\u00e8re instance, en septembre dernier, Natacha Rey et Amandine Roy avaient \u00e9t\u00e9 reconnues coupables et <a href=\"https:\/\/www.20minutes.fr\/justice\/4109752-20240912-rumeur-transidentite-brigitte-macron-deux-femmes-condamnees-diffamation\" target=\"_blank\" class=\"color-ultramarine c-link\" rel=\"noopener\">condamn\u00e9es \u00e0 une amende de 500 euros avec sursis<\/a>, ainsi qu\u2019\u00e0 payer un total de 8.000 euros de dommages et int\u00e9r\u00eats \u00e0 Brigitte Macron, et 5.000 euros \u00e0 son fr\u00e8re Jean-Michel Trogneux, tous deux parties civiles au proc\u00e8s.<\/p>\n<p>Au c\u0153ur de cette affaire, une infox resurgissant r\u00e9guli\u00e8rement sur les r\u00e9seaux sociaux depuis l\u2019\u00e9lection d\u2019<a href=\"https:\/\/www.20minutes.fr\/politique\/emmanuel-macron\/\" target=\"_blank\" class=\"color-ultramarine c-link\" rel=\"noopener\">Emmanuel Macron<\/a> en\u00a02017, selon laquelle Brigitte Macron, n\u00e9e Trogneux, n\u2019aurait jamais exist\u00e9, mais que son fr\u00e8re Jean-Michel aurait pris cette identit\u00e9 apr\u00e8s avoir chang\u00e9 de sexe.<\/p>\n<p><a href=\"https:\/\/www.20minutes.fr\/politique\/brigitte-macron\/\" target=\"_blank\" class=\"c-link c-btn c-btn--primary\" rel=\"noopener\">Tous nos articles sur Brigitte Macron<\/a><\/p>\n<p>Plusieurs femmes politiques dans le monde ont d\u00e9j\u00e0 fait les frais d\u2019infox \u00e0 caract\u00e8re transphobe, comme l\u2019ex-Premi\u00e8re dame des Etats-Unis <a href=\"https:\/\/www.20minutes.fr\/dossier\/michelle_obama\" target=\"_blank\" class=\"color-ultramarine c-link\" rel=\"noopener\">Michelle Obama<\/a>, l\u2019ex-vice-pr\u00e9sidente am\u00e9ricaine <a href=\"https:\/\/www.20minutes.fr\/politique\/kamala-harris\/\" target=\"_blank\" class=\"color-ultramarine c-link\" rel=\"noopener\">Kamala Harris<\/a> ou l\u2019ancienne Premi\u00e8re ministre n\u00e9o-z\u00e9landaise <a href=\"https:\/\/www.20minutes.fr\/politique\/jacinda-ardern\/\" target=\"_blank\" class=\"color-ultramarine c-link\" rel=\"noopener\">Jacinda Ardern<\/a>.<\/p>\n","protected":false},"excerpt":{"rendered":"L\u2019infox est devenue virale jusqu\u2019aux Etats-Unis. Brigitte Macron serait en r\u00e9alit\u00e9 une femme transgenre. C\u2019est ce qu\u2019ont soutenu&hellip;\n","protected":false},"author":2,"featured_media":240561,"comment_status":"","ping_status":"","sticky":false,"template":"","format":"standard","meta":{"footnotes":""},"categories":[4],"tags":[47,11,986,1073,842,1011,27,303,12,2694,25,12707],"class_list":{"0":"post-240560","1":"post","2":"type-post","3":"status-publish","4":"format-standard","5":"has-post-thumbnail","7":"category-france","8":"tag-actualite","9":"tag-actualites","10":"tag-brigitte-macron","11":"tag-emmanuel-macron","12":"tag-fake-news","13":"tag-fr","14":"tag-france","15":"tag-justice","16":"tag-news","17":"tag-proces","18":"tag-republique-francaise","19":"tag-transphobie"},"share_on_mastodon":{"url":"https:\/\/pubeurope.com\/@fr\/114830149126787065","error":""},"_links":{"self":[{"href":"https:\/\/www.europesays.com\/fr\/wp-json\/wp\/v2\/posts\/240560","targetHints":{"allow":["GET"]}}],"collection":[{"href":"https:\/\/www.europesays.com\/fr\/wp-json\/wp\/v2\/posts"}],"about":[{"href":"https:\/\/www.europesays.com\/fr\/wp-json\/wp\/v2\/types\/post"}],"author":[{"embeddable":true,"href":"https:\/\/www.europesays.com\/fr\/wp-json\/wp\/v2\/users\/2"}],"replies":[{"embeddable":true,"href":"https:\/\/www.europesays.com\/fr\/wp-json\/wp\/v2\/comments?post=240560"}],"version-history":[{"count":0,"href":"https:\/\/www.europesays.com\/fr\/wp-json\/wp\/v2\/posts\/240560\/revisions"}],"wp:featuredmedia":[{"embeddable":true,"href":"https:\/\/www.europesays.com\/fr\/wp-json\/wp\/v2\/media\/240561"}],"wp:attachment":[{"href":"https:\/\/www.europesays.com\/fr\/wp-json\/wp\/v2\/media?parent=240560"}],"wp:term":[{"taxonomy":"category","embeddable":true,"href":"https:\/\/www.europesays.com\/fr\/wp-json\/wp\/v2\/categories?post=240560"},{"taxonomy":"post_tag","embeddable":true,"href":"https:\/\/www.europesays.com\/fr\/wp-json\/wp\/v2\/tags?post=240560"}],"curies":[{"name":"wp","href":"https:\/\/api.w.org\/{rel}","templated":true}]}}