{"id":240574,"date":"2025-07-10T17:43:10","date_gmt":"2025-07-10T17:43:10","guid":{"rendered":"https:\/\/www.europesays.com\/fr\/240574\/"},"modified":"2025-07-10T17:43:10","modified_gmt":"2025-07-10T17:43:10","slug":"le-calendrier-du-top-14-est-tombe-decouvrez-les-dates-cles-de-la-saison-du-rc-toulon","status":"publish","type":"post","link":"https:\/\/www.europesays.com\/fr\/240574\/","title":{"rendered":"le calendrier du Top 14 est tomb\u00e9, d\u00e9couvrez les dates cl\u00e9s de la saison du RC Toulon"},"content":{"rendered":"<p>Apr\u00e8s des ann\u00e9es de reconstruction et d&rsquo;ascension, le RCT abordera la saison 2025-2026 avec beaucoup d&rsquo;ambition. Les hommes de Pierre Mignoni, <a href=\"https:\/\/www.laprovence.com\/article\/sports\/1946281016696815\/rugby-demi-finale-de-top-14-le-rct-na-pas-fait-le-poids-face-a-bordeaux-begles\" target=\"_blank\" rel=\"nofollow noopener\">demi-finalistes de Top 14<\/a> et <a href=\"https:\/\/www.laprovence.com\/article\/sports\/3306349866891715\/rugby-top-14-apres-lelimination-en-coupe-deurope-toulon-se-remet-en-ordre-de-marche\" target=\"_blank\" rel=\"nofollow noopener\">quart de finalistes de Champions Cup<\/a> tutoient de plus en plus pr\u00e8s les intouchables Bordeaux B\u00e8gles et Toulouse avec l&rsquo;envie de valider les progr\u00e8s des derniers exercices et d\u00e9crocher un ticket direct pour les demi-finales qui auront lieu au V\u00e9lodrome.<\/p>\n<p>Ils connaissent d\u00e9sormais leur planning pour entreprendre cette mission avec notamment la r\u00e9ception des champions d&rsquo;Europe girondins lors de la derni\u00e8re journ\u00e9e et celle <a href=\"https:\/\/www.laprovence.com\/article\/sports\/1494751486617114\/rugby-le-stade-toulousain-decroche-son-24e-titre-en-top-14-aux-prolongations\" target=\"_blank\" rel=\"nofollow noopener\">des champions de France Haut-Garonnais<\/a> le week-end du 9 mai.<\/p>\n<p>Barrages et access match les 12, 13 ou 14 juin<\/p>\n<p>Demi-finales \u00e0 Marseille les 19, 20 ou 21 juin<\/p>\n<p>Finale le 27 juin au Stade de France<\/p>\n","protected":false},"excerpt":{"rendered":"Apr\u00e8s des ann\u00e9es de reconstruction et d&rsquo;ascension, le RCT abordera la saison 2025-2026 avec beaucoup d&rsquo;ambition. Les hommes&hellip;\n","protected":false},"author":2,"featured_media":240575,"comment_status":"","ping_status":"","sticky":false,"template":"","format":"standard","meta":{"footnotes":""},"categories":[9619],"tags":[17,1111,11,525,3474,932,1777,674,1011,27,151,12,882,25,479,60,11270,3030,2310],"class_list":{"0":"post-240574","1":"post","2":"type-post","3":"status-publish","4":"format-standard","5":"has-post-thumbnail","7":"category-toulon","8":"tag-17","9":"tag-actu","10":"tag-actualites","11":"tag-calendrier","12":"tag-decouvrez","13":"tag-est","14":"tag-eu","15":"tag-europe","16":"tag-fr","17":"tag-france","18":"tag-les","19":"tag-news","20":"tag-provence-alpes-cote-dazur","21":"tag-republique-francaise","22":"tag-rugby","23":"tag-sports","24":"tag-tombe","25":"tag-top","26":"tag-toulon"},"share_on_mastodon":{"url":"https:\/\/pubeurope.com\/@fr\/114830180594318567","error":""},"_links":{"self":[{"href":"https:\/\/www.europesays.com\/fr\/wp-json\/wp\/v2\/posts\/240574","targetHints":{"allow":["GET"]}}],"collection":[{"href":"https:\/\/www.europesays.com\/fr\/wp-json\/wp\/v2\/posts"}],"about":[{"href":"https:\/\/www.europesays.com\/fr\/wp-json\/wp\/v2\/types\/post"}],"author":[{"embeddable":true,"href":"https:\/\/www.europesays.com\/fr\/wp-json\/wp\/v2\/users\/2"}],"replies":[{"embeddable":true,"href":"https:\/\/www.europesays.com\/fr\/wp-json\/wp\/v2\/comments?post=240574"}],"version-history":[{"count":0,"href":"https:\/\/www.europesays.com\/fr\/wp-json\/wp\/v2\/posts\/240574\/revisions"}],"wp:featuredmedia":[{"embeddable":true,"href":"https:\/\/www.europesays.com\/fr\/wp-json\/wp\/v2\/media\/240575"}],"wp:attachment":[{"href":"https:\/\/www.europesays.com\/fr\/wp-json\/wp\/v2\/media?parent=240574"}],"wp:term":[{"taxonomy":"category","embeddable":true,"href":"https:\/\/www.europesays.com\/fr\/wp-json\/wp\/v2\/categories?post=240574"},{"taxonomy":"post_tag","embeddable":true,"href":"https:\/\/www.europesays.com\/fr\/wp-json\/wp\/v2\/tags?post=240574"}],"curies":[{"name":"wp","href":"https:\/\/api.w.org\/{rel}","templated":true}]}}