{"id":240580,"date":"2025-07-10T17:46:09","date_gmt":"2025-07-10T17:46:09","guid":{"rendered":"https:\/\/www.europesays.com\/fr\/240580\/"},"modified":"2025-07-10T17:46:09","modified_gmt":"2025-07-10T17:46:09","slug":"des-proprietaires-se-manifestent-pour-la-recuperer","status":"publish","type":"post","link":"https:\/\/www.europesays.com\/fr\/240580\/","title":{"rendered":"des \u00ab\u00a0propri\u00e9taires \u00bb se manifestent pour la r\u00e9cup\u00e9rer"},"content":{"rendered":"<p>            Par<br \/>\n        <strong><br \/>\n            <a href=\"https:\/\/actu.fr\/auteur\/adrien-filoche\" title=\"Consulter tous les articles de Adrien Filoche\" rel=\"nofollow noopener\" target=\"_blank\">Adrien Filoche<\/a><br \/>\n        <\/strong><\/p>\n<p>        Publi\u00e9 le<\/p>\n<p>            10 juil. 2025 \u00e0 19h20        <\/p>\n<p><strong>C\u2019est une histoire qui suscite des r\u00e9actions\u2009!<\/strong> Le 9\u00a0juillet 2025, nous vous racontions <a href=\"https:\/\/actu.fr\/normandie\/rouen_76540\/pierrette-la-tortue-jetee-a-la-poubelle-recueillie-in-extremis-par-l-agent-du-centre-de-tri-de-rouen_62877410.html\" rel=\"nofollow noopener\" target=\"_blank\">l\u2019histoire de Pierrette<\/a>, une petite tortue de terre qui avait \u00e9t\u00e9 <strong>d\u00e9couverte au milieu des d\u00e9chets<\/strong> le 1er\u00a0juillet dans le centre de tri du Sm\u00e9dar \u00e0 Rouen. L\u2019animal, bless\u00e9, avait \u00e9t\u00e9 recueilli par Jeanne, une employ\u00e9e. Mais depuis la m\u00e9diatisation de cette affaire, de nombreuses personnes se manifestent, en se pr\u00e9sentant comme les pr\u00e9tendus \u00ab\u2009propri\u00e9taires\u2009\u00bb de Pierrette.<\/p>\n<p>\u00ab\u2009Une personne qui vit \u00e0 Marseille nous a appel\u00e9s\u2009\u00bb<\/p>\n<p class=\" wall-content\">Depuis la publication de l\u2019histoire sur la page Facebook du centre de tri le 3 juillet, l\u2019histoire a pris des proportions assez dingues. \u00ab\u2009Une personne qui vit \u00e0 Marseille nous a appel\u00e9s en nous disant qu\u2019elle avait perdu sa tortue il y a trois ans, et que c\u2019\u00e9tait peut-\u00eatre la sienne\u2009\u00bb, raconte la communication du Sm\u00e9dar.<\/p>\n<p>    <a href=\"https:\/\/www.facebook.com\/plugins\/post.php?href=https%3A%2F%2Fwww.facebook.com%2Fsmedar.officiel%2Fposts%2Fpfbid02QE3YvQJpHx49qEYtzMNnEfZPJJsTCAGZvvwryx5kMnUMgvWbaCJ9YhhcdupSpNAql&amp;show_text=true&amp;width=350\" title=\"Ouvrie le lien\" rel=\"nofollow noopener\" target=\"_blank\">Cliquez ici pour visualiser le contenu<\/a><\/p>\n<p class=\" wall-content\">Interrog\u00e9e, l\u2019entreprise confirme avoir re\u00e7u de nombreuses sollicitations de personnes justifiant que Pierrette \u00e9tait en r\u00e9alit\u00e9 leur tortue\u2009: \u00ab\u2009Ce genre de tortue, c\u2019est tr\u00e8s recherch\u00e9, il faut faire attention. Il y a un effet boule de neige sur les r\u00e9seaux sociaux.\u2009\u00bb<\/p>\n<p>Un homme se rend sur place pour r\u00e9cup\u00e9rer la tortue<\/p>\n<p class=\" wall-content\">Autre exemple tout r\u00e9cent. Dans la matin\u00e9e du jeudi 10 juillet, un homme s\u2019est pr\u00e9sent\u00e9 en personne au centre de tri en disant qu\u2019il voulait r\u00e9cup\u00e9rer sa tortue. Mais Pierrette\u2009n\u2019est ni puc\u00e9e, ni d\u00e9clar\u00e9e, pas question de la donner \u00e0 n\u2019importe qui.<\/p>\n<p class=\" wall-content\">\u00ab\u2009On lui a dit que nous n\u2019\u00e9tions pas habilit\u00e9s \u00e0 lui remettre un animal. On l\u2019a renvoy\u00e9 vers les autorit\u00e9s comp\u00e9tentes\u2009\u00bb, pr\u00e9sente simplement le Sm\u00e9dar.<\/p>\n<p>Vid\u00e9os : en ce moment sur Actu<\/p>\n<p class=\" wall-content\">M\u00eame si les messages de la part des pr\u00e9tendus propri\u00e9taires sont parfois insistants, voire agressifs, le Sm\u00e9dar temp\u00e8re\u2009: \u00ab\u2009On a tout de m\u00eame des messages bienveillants envers nos coll\u00e8gues qui ont sauv\u00e9 la tortue.\u2009\u00bb<\/p>\n<p class=\" wall-content\">Et de conclure, entre lassitude et amusement\u2009: \u00ab\u2009Ce n\u2019est pas notre m\u00e9tier de nous occuper de tout cela. Tout ce qui importe pour le moment, c\u2019est que la tortue a \u00e9t\u00e9 recueillie et qu\u2019elle se porte bien.\u2009\u00bb<\/p>\n<p>Suivez l\u2019actualit\u00e9 de Rouen sur <a href=\"https:\/\/www.whatsapp.com\/channel\/0029VaKfnf99hXF2ddApFB1D\" rel=\"nofollow noopener\" target=\"_blank\">notre cha\u00eene WhatsApp<\/a> et sur <a href=\"https:\/\/www.tiktok.com\/@76actu.fr?lang=fr\" rel=\"nofollow noopener\" target=\"_blank\">notre compte TikTok<\/a><\/p>\n<p class=\" wall-content\">Suivez toute l\u2019actualit\u00e9 de vos villes et m\u00e9dias favoris en vous inscrivant \u00e0 <a href=\"https:\/\/moncompte.actu.fr\" title=\"D\u00e9couvez Mon Actu\" rel=\"nofollow noopener\" data-trk=\"{&quot;cta&quot;:{&quot;action&quot;:&quot;https:\\\/\\\/moncompte.actu.fr&quot;,&quot;category&quot;:&quot;mon compte&quot;,&quot;from&quot;:&quot;article footer&quot;,&quot;name&quot;:&quot;Mon actu&quot;,&quot;type&quot;:&quot;cta&quot;}}\" target=\"_blank\">Mon Actu<\/a>.<\/p>\n<p>                    <script async src=\"\/\/www.tiktok.com\/embed.js\"><\/script><\/p>\n","protected":false},"excerpt":{"rendered":"Par Adrien Filoche Publi\u00e9 le 10 juil. 2025 \u00e0 19h20 C\u2019est une histoire qui suscite des r\u00e9actions\u2009! Le&hellip;\n","protected":false},"author":2,"featured_media":240581,"comment_status":"","ping_status":"","sticky":false,"template":"","format":"standard","meta":{"footnotes":""},"categories":[9587],"tags":[1111,11,1867,1777,674,1011,27,1757,12,5161,25,9590],"class_list":{"0":"post-240580","1":"post","2":"type-post","3":"status-publish","4":"format-standard","5":"has-post-thumbnail","7":"category-rouen","8":"tag-actu","9":"tag-actualites","10":"tag-animaux","11":"tag-eu","12":"tag-europe","13":"tag-fr","14":"tag-france","15":"tag-insolite","16":"tag-news","17":"tag-normandie","18":"tag-republique-francaise","19":"tag-rouen"},"share_on_mastodon":{"url":"https:\/\/pubeurope.com\/@fr\/114830192401282772","error":""},"_links":{"self":[{"href":"https:\/\/www.europesays.com\/fr\/wp-json\/wp\/v2\/posts\/240580","targetHints":{"allow":["GET"]}}],"collection":[{"href":"https:\/\/www.europesays.com\/fr\/wp-json\/wp\/v2\/posts"}],"about":[{"href":"https:\/\/www.europesays.com\/fr\/wp-json\/wp\/v2\/types\/post"}],"author":[{"embeddable":true,"href":"https:\/\/www.europesays.com\/fr\/wp-json\/wp\/v2\/users\/2"}],"replies":[{"embeddable":true,"href":"https:\/\/www.europesays.com\/fr\/wp-json\/wp\/v2\/comments?post=240580"}],"version-history":[{"count":0,"href":"https:\/\/www.europesays.com\/fr\/wp-json\/wp\/v2\/posts\/240580\/revisions"}],"wp:featuredmedia":[{"embeddable":true,"href":"https:\/\/www.europesays.com\/fr\/wp-json\/wp\/v2\/media\/240581"}],"wp:attachment":[{"href":"https:\/\/www.europesays.com\/fr\/wp-json\/wp\/v2\/media?parent=240580"}],"wp:term":[{"taxonomy":"category","embeddable":true,"href":"https:\/\/www.europesays.com\/fr\/wp-json\/wp\/v2\/categories?post=240580"},{"taxonomy":"post_tag","embeddable":true,"href":"https:\/\/www.europesays.com\/fr\/wp-json\/wp\/v2\/tags?post=240580"}],"curies":[{"name":"wp","href":"https:\/\/api.w.org\/{rel}","templated":true}]}}