{"id":240588,"date":"2025-07-10T17:50:15","date_gmt":"2025-07-10T17:50:15","guid":{"rendered":"https:\/\/www.europesays.com\/fr\/240588\/"},"modified":"2025-07-10T17:50:15","modified_gmt":"2025-07-10T17:50:15","slug":"une-solution-dhebergement-trouvee-pres-de-rennes-mais-pour-combien-de-temps","status":"publish","type":"post","link":"https:\/\/www.europesays.com\/fr\/240588\/","title":{"rendered":"une solution d&rsquo;h\u00e9bergement trouv\u00e9e pr\u00e8s de Rennes, \u00ab\u00a0mais pour combien de temps ?\u00a0\u00bb"},"content":{"rendered":"<p>            Par<br \/>\n        <strong><br \/>\n            <a href=\"https:\/\/actu.fr\/auteur\/laurene-fertin\" title=\"Consulter tous les articles de Laur\u00e8ne Fertin\" rel=\"nofollow noopener\" target=\"_blank\">Laur\u00e8ne Fertin<\/a><br \/>\n        <\/strong><\/p>\n<p>        Publi\u00e9 le<\/p>\n<p>            10 juil. 2025 \u00e0 17h56        <\/p>\n<p>\u00ab\u2009C\u2019est <strong>une victoire\u2009\u00bb<\/strong> mais qui reste <strong>toute relative.<\/strong> Ce jeudi 10\u00a0juillet 2025, \u00e0 Rennes, <strong>une solution d\u2019h\u00e9bergement<\/strong> a \u00e9t\u00e9 trouv\u00e9e pour <strong>six jeunes filles mineures non accompagn\u00e9es,<\/strong> soutenues par l\u2019association <a href=\"https:\/\/www.instagram.com\/utopia56rennes\/?hl=fr\" rel=\"nofollow noopener\" target=\"_blank\">Utopia 56<\/a>.<\/p>\n<p class=\" wall-content\">Depuis la veille, mercredi 9\u00a0juillet, celles-ci ont pos\u00e9 leur tente <strong>au square Joseph-Loth<\/strong> (non loin de l\u2019avenue Jean-Janvier) alors que leur demande de <b>campement <\/b>au Palais Saint-Georges (rue Gambetta) a \u00e9t\u00e9 <strong>refus\u00e9e<\/strong> par la pr\u00e9fecture.<\/p>\n<p class=\" wall-content\">Nous vous en parlions dans <a href=\"https:\/\/actu.fr\/bretagne\/rennes_35238\/notre-vie-fait-pitie-au-parc-de-maurepas-l-appel-de-detresse-des-jeunes-mineurs-isoles-reunis-en-collectif_62833386.html\" rel=\"nofollow noopener\" target=\"_blank\">cet article<\/a>, organis\u00e9 en collectif, une soixantaine de jeunes femmes et hommes ont organis\u00e9 une conf\u00e9rence de presse afin d\u2019alerter sur leurs conditions de vie, le 27 juin dernier, sur leur lieu de vie au parc de Maurepas. <strong>Non reconnus comme mineurs par le d\u00e9partement<\/strong> d\u2019Ille-et-Vilaine, toutes et tous sont en recours judiciaire pour faire valoir ce droit. Parmi eux, <strong>\u00ab\u2009de plus en plus de jeunes filles [\u2026] \u00e2g\u00e9es de 14, 15 et 16\u00a0ans\u2009\u00bb<\/strong> qu\u2019accompagne l\u2019association rennaise.<\/p>\n<p>\u00ab\u2009On s\u2019est retrouv\u00e9 dos au mur\u2009\u00bb<\/p>\n<p class=\" wall-content\">\u00ab\u2009Jusqu\u2019\u00e0 mercredi\u2009\u00bb, rembobine Suzanne Mamet, coordinatrice et salari\u00e9e d\u2019Utopia 56, \u00ab\u2009on a r\u00e9ussi \u00e0 trouver des solutions d\u2019h\u00e9bergement pour les jeunes filles mineures via notre r\u00e9seau d\u2019h\u00e9bergeurs solidaires, mais cela est devenu<strong> de plus en plus compliqu\u00e9<\/strong>. Les week-ends, on s\u2019est retrouv\u00e9 un peu dos au mur.\u2009\u00bb<\/p>\n<p class=\" wall-content\">Ces jeunes filles mineures souhaitent en effet <strong>\u00eatre h\u00e9berg\u00e9es<\/strong> pendant le temps de leur recours judiciaire <strong>dans un foyer pour mineur s\u00e9curis\u00e9<\/strong> et non partag\u00e9 avec des hommes adultes. \u00ab\u2009Il ne faut pas oublier que ces jeunes femmes ont des parcours migratoires traumatiques\u2009\u00bb, souligne Suzanne Mamet.<\/p>\n<p>Vid\u00e9os : en ce moment sur Actu<\/p>\n<blockquote class=\"ac-article-quote wall-content\">\n<p>On a donc \u00e9t\u00e9 contraint de leur proposer de dormir en tente dans le square Joseph-Loth en esp\u00e9rant qu&rsquo;en mobilisant les institutions, face \u00e0 cette situation d&rsquo;urgence, le d\u00e9partement et la pr\u00e9fecture nous r\u00e9pondent. Le campement que nous voulions installer au square Saint-Georges avait \u00e9t\u00e9 cadenass\u00e9 et ferm\u00e9.<\/p>\n<p>    <strong>Suzanne Mamet<\/strong><br \/>\n        Coordinatrice de l&rsquo;association Utopia 56    <\/p><\/blockquote>\n<p>Des \u00e9changes<\/p>\n<p class=\" wall-content\">Mais \u00ab\u2009malgr\u00e9 ce changement de lieu, la police nationale est venue nous voir en nous sommant de <strong>partir\u2009\u00bb,<\/strong> abonde Suzanne Mamet.<\/p>\n<p class=\" wall-content\">Apr\u00e8s<strong> quelques \u00e9changes avec un \u00e9lu<\/strong> de la Ville de Rennes, les mineures ont pu <strong>prolonger<\/strong> de quelques heures <strong>leur installation.<\/strong> \u00ab\u2009La police nous a toutefois demand\u00e9 une autorisation \u00e9crite de la mairie pour que nous puissions rester\u2009; dans le cas contraire, nous devions partir \u00e0 10h, ce jeudi, du square Joseph-Loth.\u2009\u00bb <strong>Sans attestation \u00e9crite,<\/strong> toutes et tous ont d\u00fb quitter les lieux.<\/p>\n<blockquote class=\"ac-article-quote wall-content\">\n<p>Nous avons interpell\u00e9 d&rsquo;autres \u00e9lus ainsi que la maire de Rennes, Nathalie App\u00e9r\u00e9. Nous avons \u00e9galement sollicit\u00e9 la pr\u00e9fecture et le d\u00e9partement.<\/p>\n<p>    <strong>Suzanne Mamet<\/strong><br \/>\n        Coordinatrice de l&rsquo;association Utopia 56    <\/p><\/blockquote>\n<p class=\" wall-content\">Vers midi, les mineures isol\u00e9es ont re\u00e7u sur le lieu du campement <strong>le directeur de la DDTES<\/strong> (Direction d\u00e9partementale de l\u2019emploi, du travail et des solidarit\u00e9s) \u2013 repr\u00e9sentant la pr\u00e9fecture \u2013 ainsi que<strong> le directeur territorial de l\u2019association Aurore, <\/strong>qui propose des h\u00e9bergements sociaux pour des adultes et des familles en difficult\u00e9.<\/p>\n<p>Une solution temporaire trouv\u00e9e<\/p>\n<p class=\" wall-content\">Il a donc \u00e9t\u00e9 propos\u00e9 aux six jeunes mineures de s\u2019installer dans <strong>un foyer de l\u2019association, <\/strong>situ\u00e9 \u00e0 <strong>Montgermont<\/strong> (Ille-et-Vilaine).<\/p>\n<blockquote class=\"ac-article-quote wall-content\">\n<p>C&rsquo;est quand m\u00eame une victoire de savoir qu&rsquo;elles ne dormiront plus dehors. Qu&rsquo;elles pourront dormir en fermant leur porte \u00e0 clef, en s\u00e9curit\u00e9.<\/p>\n<p>    <strong>Suzanne Mamet<\/strong><br \/>\n        Coordinatrice de l&rsquo;association Utopia 56    <\/p><\/blockquote>\n<p class=\" wall-content\">\u00ab\u2009Ce qui est probl\u00e9matique, toutefois, c\u2019est qu\u2019on ne sait pas pour combien de temps\u2009\u00bb, nuance Suzanne Mamet. \u00ab\u2009Depuis le d\u00e9but, nous n\u2019avons <strong>aucun retour du d\u00e9partement, alors qu\u2019il est responsable des mineures.<\/strong> C\u2019est silence radio.\u2009\u00bb<\/p>\n<p>Une jeune femme \u00ab\u2009perdue de vue\u2009\u00bb<\/p>\n<p class=\" wall-content\">Depuis <strong>d\u00e9cembre\u00a02024<\/strong>, l\u2019association Utopia 56 a rencontr\u00e9 <strong>12 jeunes filles mineures<\/strong>. <strong>Huit <\/strong><strong>sont actuellement accompagn\u00e9es.<\/strong> Une jeune fille, \u00ab\u2009qui a eu tr\u00e8s peur de se retrouver en campement, s\u2019est retir\u00e9e\u2009\u00bb, ajoute Suzanne Mamet.<\/p>\n<p class=\" wall-content\">Une autre jeune fille, qui devait partir au foyer de Montgermont, <strong>n\u2019a plus donn\u00e9 de nouvelles.<\/strong> \u00ab\u2009Nous l\u2019avons perdue de vue malheureusement. Ce sont des choses qui arrivent, car ces jeunes femmes sont <strong>tr\u00e8s isol\u00e9es<\/strong> et <strong>vuln\u00e9rables.\u2009\u00bb<\/strong><\/p>\n<p class=\" wall-content\"><strong>Six<\/strong>, en tout, comme nous le disions plus haut, sont ainsi <strong>prises en charge<\/strong> au foyer de Montgermont depuis ce jeudi 10 juillet.<\/p>\n<p class=\" wall-content\">Suivez toute l\u2019actualit\u00e9 de vos villes et m\u00e9dias favoris en vous inscrivant \u00e0 <a href=\"https:\/\/moncompte.actu.fr\" title=\"D\u00e9couvez Mon Actu\" rel=\"nofollow noopener\" data-trk=\"{&quot;cta&quot;:{&quot;action&quot;:&quot;https:\\\/\\\/moncompte.actu.fr&quot;,&quot;category&quot;:&quot;mon compte&quot;,&quot;from&quot;:&quot;article footer&quot;,&quot;name&quot;:&quot;Mon actu&quot;,&quot;type&quot;:&quot;cta&quot;}}\" target=\"_blank\">Mon Actu<\/a>.<\/p>\n<p>                    <script async src=\"\/\/www.instagram.com\/embed.js\"><\/script><\/p>\n","protected":false},"excerpt":{"rendered":"Par Laur\u00e8ne Fertin Publi\u00e9 le 10 juil. 2025 \u00e0 17h56 \u00ab\u2009C\u2019est une victoire\u2009\u00bb mais qui reste toute relative.&hellip;\n","protected":false},"author":2,"featured_media":240589,"comment_status":"","ping_status":"","sticky":false,"template":"","format":"standard","meta":{"footnotes":""},"categories":[2821],"tags":[1111,11,829,9968,1777,674,1011,27,1251,12,584,25,104],"class_list":{"0":"post-240588","1":"post","2":"type-post","3":"status-publish","4":"format-standard","5":"has-post-thumbnail","7":"category-rennes","8":"tag-actu","9":"tag-actualites","10":"tag-bretagne","11":"tag-departement","12":"tag-eu","13":"tag-europe","14":"tag-fr","15":"tag-france","16":"tag-migrants","17":"tag-news","18":"tag-rennes","19":"tag-republique-francaise","20":"tag-societe"},"share_on_mastodon":{"url":"https:\/\/pubeurope.com\/@fr\/114830208249257704","error":""},"_links":{"self":[{"href":"https:\/\/www.europesays.com\/fr\/wp-json\/wp\/v2\/posts\/240588","targetHints":{"allow":["GET"]}}],"collection":[{"href":"https:\/\/www.europesays.com\/fr\/wp-json\/wp\/v2\/posts"}],"about":[{"href":"https:\/\/www.europesays.com\/fr\/wp-json\/wp\/v2\/types\/post"}],"author":[{"embeddable":true,"href":"https:\/\/www.europesays.com\/fr\/wp-json\/wp\/v2\/users\/2"}],"replies":[{"embeddable":true,"href":"https:\/\/www.europesays.com\/fr\/wp-json\/wp\/v2\/comments?post=240588"}],"version-history":[{"count":0,"href":"https:\/\/www.europesays.com\/fr\/wp-json\/wp\/v2\/posts\/240588\/revisions"}],"wp:featuredmedia":[{"embeddable":true,"href":"https:\/\/www.europesays.com\/fr\/wp-json\/wp\/v2\/media\/240589"}],"wp:attachment":[{"href":"https:\/\/www.europesays.com\/fr\/wp-json\/wp\/v2\/media?parent=240588"}],"wp:term":[{"taxonomy":"category","embeddable":true,"href":"https:\/\/www.europesays.com\/fr\/wp-json\/wp\/v2\/categories?post=240588"},{"taxonomy":"post_tag","embeddable":true,"href":"https:\/\/www.europesays.com\/fr\/wp-json\/wp\/v2\/tags?post=240588"}],"curies":[{"name":"wp","href":"https:\/\/api.w.org\/{rel}","templated":true}]}}