{"id":240594,"date":"2025-07-10T17:53:11","date_gmt":"2025-07-10T17:53:11","guid":{"rendered":"https:\/\/www.europesays.com\/fr\/240594\/"},"modified":"2025-07-10T17:53:11","modified_gmt":"2025-07-10T17:53:11","slug":"strasbourg-une-priere-pour-la-republique-francaise-prononcee-a-la-grande-mosquee","status":"publish","type":"post","link":"https:\/\/www.europesays.com\/fr\/240594\/","title":{"rendered":"Strasbourg. Une \u00ab pri\u00e8re pour la R\u00e9publique fran\u00e7aise \u00bb prononc\u00e9e \u00e0 la grande mosqu\u00e9e"},"content":{"rendered":"<p>Chaque ann\u00e9e en Alsace Moselle, un peu avant le 14 juillet, une pri\u00e8re pour la R\u00e9publique r\u00e9sonne solennellement dans les synagogues consistoriales, la <a href=\"https:\/\/www.dna.fr\/p\/cathedrale-de-strasbourg\" target=\"_blank\" rel=\"noopener\">cath\u00e9drale de Strasbourg<\/a> et une \u00e9glise de l\u2019Union des \u00c9glises protestantes. Qui l\u2019eut cru\u00a0? Cette tradition est un reliquat du\u2026 <a href=\"https:\/\/www.dna.fr\/culture-loisirs\/2023\/08\/20\/le-concordat-aux-sources-d-une-certaine-laicite-en-alsace-moselle\" target=\"_blank\" rel=\"nofollow noopener\">Concordat<\/a> sign\u00e9 entre Napol\u00e9on Bonaparte et le pape Pie VII en 1801. Devenue obsol\u00e8te apr\u00e8s la loi de 1905 sur la s\u00e9paration des \u00c9glises et de l\u2019\u00c9tat, elle a persist\u00e9 dans les synagogues fran\u00e7aises (o\u00f9 elle est dite \u00e0 chaque shabbat tout au long de l\u2019ann\u00e9e) et les trois d\u00e9partements de l\u2019Est, o\u00f9 le droit local des cultes est toujours en vigueur.<\/p>\n<p>  Une premi\u00e8re en Alsace Moselle<\/p>\n<p>Oui, mais\u2026 L\u2019islam hexagonal, quasi inexistant au temps de Bonaparte, n\u2019a pas \u00e9t\u00e9 inclus dans le droit local. La \u00ab\u00a0pri\u00e8re pour la R\u00e9publique fran\u00e7aise\u00a0\u00bb initi\u00e9e officiellement ce vendredi matin \u00e0 la Grande mosqu\u00e9e de Strasbourg, en pr\u00e9sence du pr\u00e9fet, de la maire et autres VIP, est donc in\u00e9dite en Alsace Moselle.<\/p>\n<p>\u00ab\u00a0Face aux tentatives de division qui menacent notre coh\u00e9sion nationale, cette pri\u00e8re est une affirmation de plus que l\u2019islam que nous vivons s\u2019inscrit pleinement dans les principes r\u00e9publicains. La la\u00efcit\u00e9, loin d\u2019\u00eatre une contrainte, offre un cadre propice \u00e0 une pratique libre et apais\u00e9e, dans le respect de l\u2019ordre public, de l\u2019histoire et des valeurs de la France\u00a0\u00bb, \u00e9crit la Grande Mosqu\u00e9e de Strasbourg dans son communiqu\u00e9.<\/p>\n<p>\u00ab\u00a0Cette id\u00e9e \u00e9tait \u00e0 l\u2019\u00e9tude depuis quelques ann\u00e9es\u00a0\u00bb, rappelle Sa\u00efd Aalla, le pr\u00e9sident de la Grande mosqu\u00e9e. \u00ab\u00a0Avec l\u2019appui des autres cultes et des pouvoirs publics, on s\u2019est dit que c\u2019\u00e9tait le moment de le faire.\u00a0\u00bb Rappelons qu\u2019au niveau national, des associations musulmanes ont appel\u00e9 \u00e0 prier pour la France apr\u00e8s les attentats djihadistes de janvier\u00a02015. Depuis cette ann\u00e9e, la grande mosqu\u00e9e de Paris a institu\u00e9 cette pri\u00e8re \u00e0 la fin de ses pr\u00eaches du vendredi.<\/p>\n","protected":false},"excerpt":{"rendered":"Chaque ann\u00e9e en Alsace Moselle, un peu avant le 14 juillet, une pri\u00e8re pour la R\u00e9publique r\u00e9sonne solennellement&hellip;\n","protected":false},"author":2,"featured_media":240595,"comment_status":"","ping_status":"","sticky":false,"template":"","format":"standard","meta":{"footnotes":""},"categories":[2820],"tags":[1111,11,2389,2649,2880,1777,674,107,1011,27,775,12,5889,25,104,640,2879],"class_list":{"0":"post-240594","1":"post","2":"type-post","3":"status-publish","4":"format-standard","5":"has-post-thumbnail","7":"category-strasbourg","8":"tag-actu","9":"tag-actualites","10":"tag-alsace","11":"tag-bas-rhin","12":"tag-edition-strasbourg","13":"tag-eu","14":"tag-europe","15":"tag-fil-info","16":"tag-fr","17":"tag-france","18":"tag-grand-est","19":"tag-news","20":"tag-religion-croyance","21":"tag-republique-francaise","22":"tag-societe","23":"tag-strasbourg","24":"tag-strasbourg-ville"},"share_on_mastodon":{"url":"https:\/\/pubeurope.com\/@fr\/114830219866705381","error":""},"_links":{"self":[{"href":"https:\/\/www.europesays.com\/fr\/wp-json\/wp\/v2\/posts\/240594","targetHints":{"allow":["GET"]}}],"collection":[{"href":"https:\/\/www.europesays.com\/fr\/wp-json\/wp\/v2\/posts"}],"about":[{"href":"https:\/\/www.europesays.com\/fr\/wp-json\/wp\/v2\/types\/post"}],"author":[{"embeddable":true,"href":"https:\/\/www.europesays.com\/fr\/wp-json\/wp\/v2\/users\/2"}],"replies":[{"embeddable":true,"href":"https:\/\/www.europesays.com\/fr\/wp-json\/wp\/v2\/comments?post=240594"}],"version-history":[{"count":0,"href":"https:\/\/www.europesays.com\/fr\/wp-json\/wp\/v2\/posts\/240594\/revisions"}],"wp:featuredmedia":[{"embeddable":true,"href":"https:\/\/www.europesays.com\/fr\/wp-json\/wp\/v2\/media\/240595"}],"wp:attachment":[{"href":"https:\/\/www.europesays.com\/fr\/wp-json\/wp\/v2\/media?parent=240594"}],"wp:term":[{"taxonomy":"category","embeddable":true,"href":"https:\/\/www.europesays.com\/fr\/wp-json\/wp\/v2\/categories?post=240594"},{"taxonomy":"post_tag","embeddable":true,"href":"https:\/\/www.europesays.com\/fr\/wp-json\/wp\/v2\/tags?post=240594"}],"curies":[{"name":"wp","href":"https:\/\/api.w.org\/{rel}","templated":true}]}}