{"id":240614,"date":"2025-07-10T18:06:20","date_gmt":"2025-07-10T18:06:20","guid":{"rendered":"https:\/\/www.europesays.com\/fr\/240614\/"},"modified":"2025-07-10T18:06:20","modified_gmt":"2025-07-10T18:06:20","slug":"lyon-poursuivi-en-voiture-par-la-police-il-se-fait-interpeller-dans-les-bouchons","status":"publish","type":"post","link":"https:\/\/www.europesays.com\/fr\/240614\/","title":{"rendered":"Lyon : poursuivi en voiture par la police, il se fait interpeller dans les bouchons"},"content":{"rendered":"<p>Un jeune conducteur de 23 ans a \u00e9t\u00e9 interpell\u00e9 dans le quartier de Gerland, \u00e0 Lyon, le mardi 8 juillet apr\u00e8s un refus d&rsquo;obtemp\u00e9rer. L&rsquo;automobiliste a \u00e9t\u00e9 rattrap\u00e9 dans les bouchons.<\/p>\n<p>Les bouchons lyonnais auront eu raison du fuyard. Dans la soir\u00e9e du mardi 8 juillet, <b>un jeune homme de 23 ans<\/b> a refus\u00e9 un contr\u00f4le de police <b>boulevard des \u00c9tats-Unis<\/b>, dans le 8e arrondissement de Lyon.<\/p>\n<p>Le chauffard interpell\u00e9 \u00e0 Gerland<\/p>\n<p>Le conducteur a alors pris la fuite sur environ <b>six kilom\u00e8tres<\/b> jusqu&rsquo;\u00e0 Gerland.<\/p>\n<p>C&rsquo;est dans ce quartier que le suspect a \u00e9t\u00e9 interpell\u00e9 apr\u00e8s s&rsquo;\u00eatre retrouv\u00e9 coinc\u00e9 dans les bouchons sur l&rsquo;avenue Tony Garnier.<\/p>\n<p>Selon <a class=\"url\" href=\"https:\/\/www.leprogres.fr\/faits-divers-justice\/2025\/07\/10\/il-tente-d-echapper-a-la-police-mais-reste-bloque-dans-un-bouchon\" target=\"_blank\" rel=\"nofollow noopener\">Le Progr\u00e8s<\/a>, l&rsquo;homme a continu\u00e9 sa fuite \u00e0 pied avant d&rsquo;\u00eatre rattrap\u00e9 par les forces de l&rsquo;ordre pr\u00e8s de la rue de Gerland.<\/p>\n<p>De la drogue retrouv\u00e9e dans sa voiture<\/p>\n<p>Connu des services de police, le jeune automobiliste a \u00e9t\u00e9 plac\u00e9 en garde \u00e0 vue et sa voiture a \u00e9t\u00e9 fouill\u00e9e.<\/p>\n<p>\u00c0 l&rsquo;int\u00e9rieur, les policiers ont eu le droit \u00e0 une petite surprise : <b>cinq plaquettes de r\u00e9sine de cannabis<\/b> d&rsquo;un poids total de 486 g.<\/p>\n<p>Le fuyard, qui a reconnu les faits, a \u00e9t\u00e9 pr\u00e9sent\u00e9 ce jeudi au parquet de Lyon. Il passera prochainement devant le tribunal en comparution imm\u00e9diate.<\/p>\n<p><img loading=\"lazy\" decoding=\"async\" src=\"https:\/\/www.europesays.com\/fr\/wp-content\/uploads\/2025\/07\/1752170780_564_img\" width=\"350\" height=\"200\" border=\"0\" title=\"Radar de chantier - photo d'illustration\"\/><\/p>\n<p>\u25baTrafic<\/p>\n<p style=\"font-size: 22px;\"><b>M\u00e9tropole de Lyon : un nouveau radar va flasher d\u00e8s ce vendredi !<\/b><\/p>\n<p>Un radar chantier sera install\u00e9 \u00e0 partir de ce&#8230;<\/p>\n<p><\/p>\n","protected":false},"excerpt":{"rendered":"Un jeune conducteur de 23 ans a \u00e9t\u00e9 interpell\u00e9 dans le quartier de Gerland, \u00e0 Lyon, le mardi&hellip;\n","protected":false},"author":2,"featured_media":144178,"comment_status":"","ping_status":"","sticky":false,"template":"","format":"standard","meta":{"footnotes":""},"categories":[1889],"tags":[1111,11,2430,7050,12930,1052,1777,674,6017,1011,27,5303,2428,12,1072,38018,25],"class_list":{"0":"post-240614","1":"post","2":"type-post","3":"status-publish","4":"format-standard","5":"has-post-thumbnail","7":"category-lyon","8":"tag-actu","9":"tag-actualites","10":"tag-auvergne-rhone-alpes","11":"tag-bouchons","12":"tag-course-poursuite","13":"tag-drogue","14":"tag-eu","15":"tag-europe","16":"tag-fait-divers","17":"tag-fr","18":"tag-france","19":"tag-gerland","20":"tag-lyon","21":"tag-news","22":"tag-police","23":"tag-rsine-de-cannabis","24":"tag-republique-francaise"},"share_on_mastodon":{"url":"https:\/\/pubeurope.com\/@fr\/114830271045435727","error":""},"_links":{"self":[{"href":"https:\/\/www.europesays.com\/fr\/wp-json\/wp\/v2\/posts\/240614","targetHints":{"allow":["GET"]}}],"collection":[{"href":"https:\/\/www.europesays.com\/fr\/wp-json\/wp\/v2\/posts"}],"about":[{"href":"https:\/\/www.europesays.com\/fr\/wp-json\/wp\/v2\/types\/post"}],"author":[{"embeddable":true,"href":"https:\/\/www.europesays.com\/fr\/wp-json\/wp\/v2\/users\/2"}],"replies":[{"embeddable":true,"href":"https:\/\/www.europesays.com\/fr\/wp-json\/wp\/v2\/comments?post=240614"}],"version-history":[{"count":0,"href":"https:\/\/www.europesays.com\/fr\/wp-json\/wp\/v2\/posts\/240614\/revisions"}],"wp:featuredmedia":[{"embeddable":true,"href":"https:\/\/www.europesays.com\/fr\/wp-json\/wp\/v2\/media\/144178"}],"wp:attachment":[{"href":"https:\/\/www.europesays.com\/fr\/wp-json\/wp\/v2\/media?parent=240614"}],"wp:term":[{"taxonomy":"category","embeddable":true,"href":"https:\/\/www.europesays.com\/fr\/wp-json\/wp\/v2\/categories?post=240614"},{"taxonomy":"post_tag","embeddable":true,"href":"https:\/\/www.europesays.com\/fr\/wp-json\/wp\/v2\/tags?post=240614"}],"curies":[{"name":"wp","href":"https:\/\/api.w.org\/{rel}","templated":true}]}}