{"id":240615,"date":"2025-07-10T18:07:10","date_gmt":"2025-07-10T18:07:10","guid":{"rendered":"https:\/\/www.europesays.com\/fr\/240615\/"},"modified":"2025-07-10T18:07:10","modified_gmt":"2025-07-10T18:07:10","slug":"pourquoi-le-trafic-est-il-si-souvent-sature","status":"publish","type":"post","link":"https:\/\/www.europesays.com\/fr\/240615\/","title":{"rendered":"pourquoi le trafic est-il si souvent satur\u00e9\u00a0?"},"content":{"rendered":"<p>\u00ab\u00a0On n\u2019avance pas, \u00e7a fait 20 minutes qu\u2019on roule en mode escargot.\u00a0\u00bb Pour de nombreux automobilistes, comme Florent, coinc\u00e9 dans l\u2019habitacle de son SUV en cette fin d\u2019apr\u00e8s-midi, traverser la place Bellecour d\u2019est en ouest est devenu un calvaire. Il faut parfois plusieurs dizaines de minutes pour atteindre les quais de Sa\u00f4ne, lorsqu\u2019on vient du Rh\u00f4ne, tant les bouchons sont importants et s\u2019\u00e9talent sur la rue de la Barre, jusqu\u2019au quai Jules-Courmont.<\/p>\n<p>Pour m\u00e9moire, nous sommes ici \u00e0 la fronti\u00e8re sud de la zone \u00e0 trafic limit\u00e9 (ZTL), entr\u00e9e en vigueur le&#8230;<\/p>\n","protected":false},"excerpt":{"rendered":"\u00ab\u00a0On n\u2019avance pas, \u00e7a fait 20 minutes qu\u2019on roule en mode escargot.\u00a0\u00bb Pour de nombreux automobilistes, comme Florent,&hellip;\n","protected":false},"author":2,"featured_media":240616,"comment_status":"","ping_status":"","sticky":false,"template":"","format":"standard","meta":{"footnotes":""},"categories":[1889],"tags":[1111,11,2430,3542,2757,1777,674,1011,27,2428,2756,12,25,2803],"class_list":{"0":"post-240615","1":"post","2":"type-post","3":"status-publish","4":"format-standard","5":"has-post-thumbnail","7":"category-lyon","8":"tag-actu","9":"tag-actualites","10":"tag-auvergne-rhone-alpes","11":"tag-circulation","12":"tag-edition-lyon-villeurbanne","13":"tag-eu","14":"tag-europe","15":"tag-fr","16":"tag-france","17":"tag-lyon","18":"tag-lyon-bassin","19":"tag-news","20":"tag-republique-francaise","21":"tag-transport"},"share_on_mastodon":{"url":"https:\/\/pubeurope.com\/@fr\/114830274901967883","error":""},"_links":{"self":[{"href":"https:\/\/www.europesays.com\/fr\/wp-json\/wp\/v2\/posts\/240615","targetHints":{"allow":["GET"]}}],"collection":[{"href":"https:\/\/www.europesays.com\/fr\/wp-json\/wp\/v2\/posts"}],"about":[{"href":"https:\/\/www.europesays.com\/fr\/wp-json\/wp\/v2\/types\/post"}],"author":[{"embeddable":true,"href":"https:\/\/www.europesays.com\/fr\/wp-json\/wp\/v2\/users\/2"}],"replies":[{"embeddable":true,"href":"https:\/\/www.europesays.com\/fr\/wp-json\/wp\/v2\/comments?post=240615"}],"version-history":[{"count":0,"href":"https:\/\/www.europesays.com\/fr\/wp-json\/wp\/v2\/posts\/240615\/revisions"}],"wp:featuredmedia":[{"embeddable":true,"href":"https:\/\/www.europesays.com\/fr\/wp-json\/wp\/v2\/media\/240616"}],"wp:attachment":[{"href":"https:\/\/www.europesays.com\/fr\/wp-json\/wp\/v2\/media?parent=240615"}],"wp:term":[{"taxonomy":"category","embeddable":true,"href":"https:\/\/www.europesays.com\/fr\/wp-json\/wp\/v2\/categories?post=240615"},{"taxonomy":"post_tag","embeddable":true,"href":"https:\/\/www.europesays.com\/fr\/wp-json\/wp\/v2\/tags?post=240615"}],"curies":[{"name":"wp","href":"https:\/\/api.w.org\/{rel}","templated":true}]}}