{"id":240621,"date":"2025-07-10T18:11:12","date_gmt":"2025-07-10T18:11:12","guid":{"rendered":"https:\/\/www.europesays.com\/fr\/240621\/"},"modified":"2025-07-10T18:11:12","modified_gmt":"2025-07-10T18:11:12","slug":"paris-en-hausse-timide-une-partie-des-gains-senvole-10-07-2025-a-1754","status":"publish","type":"post","link":"https:\/\/www.europesays.com\/fr\/240621\/","title":{"rendered":"Paris: en hausse timide, une partie des gains s&rsquo;envole &#8211; 10\/07\/2025 \u00e0 17:54"},"content":{"rendered":"<p>                                                                (CercleFinance.com) &#8211; Apr\u00e8s avoir tutoy\u00e9 les 7940 points (+0,8%) en milieu de s\u00e9ance, la bourse de Paris a c\u00e9d\u00e9 la majeure partie de ses gains en seconde moiti\u00e9 de journ\u00e9e.<br \/>\n<br \/>Au gong final, l&rsquo;indice parisien conclut la s\u00e9ance sur un gain plus marginal de 0,30%, \u00e0 7902 points, soutenu par STMicro (+4,3%), Pernod Ricard (+3,7%) ou encore Stellantis (+3,5%).<\/p>\n<p>Les investisseurs semblent pour l&rsquo;instant relativiser les risques li\u00e9s \u00e0 la politique commerciale de la Maison Blanche malgr\u00e9 la d\u00e9cision de Donald Trump d&rsquo;imposer une surtaxe de 50% sur les produits br\u00e9siliens import\u00e9s aux \u00c9tats-Unis, contre 10% \u00e0 l&rsquo;heure actuelle.\n<\/p>\n<p>&lsquo; Ce genre de sortie, sans justification \u00e9conomique claire, montre \u00e0 quel point la politique tarifaire am\u00e9ricaine est devenue compl\u00e8tement arbitraire &lsquo;, soulignaient ce matin les analystes de Danske Bank.\n<\/p>\n<p>Donald Trump a par ailleurs confirm\u00e9 son intention de mettre en place une surtaxe de 50% sur les importations de cuivre \u00e0 partir du 1er ao\u00fbt, comme il s&rsquo;y \u00e9tait engag\u00e9 en d\u00e9but de semaine.\n<\/p>\n<p>Habitu\u00e9s aux d\u00e9clarations tonitruantes du milliardaire am\u00e9ricain, les march\u00e9s d&rsquo;actions n&rsquo;ont pas sembl\u00e9 tr\u00e8s surpris par cet \u00e9ni\u00e8me durcissement de ton de Donald Trump.\n<\/p>\n<p>Ainsi, malgr\u00e9 le climat de tensions qui plane sur les march\u00e9s depuis le d\u00e9but de la semaine, le CAC 40 affiche ainsi un gain hebdomadaire de pr\u00e8s de 2%.\n<\/p>\n<p>&lsquo; Il est frappant de voir \u00e0 quel point les investisseurs r\u00e9agissent de moins en moins aux annonces choc sur les droits de douane &lsquo;, fait-on remarquer chez Danske Bank.\n<\/p>\n<p>&lsquo; Au lieu de cela, les march\u00e9s pr\u00e9f\u00e8rent se concentrer sur les vraies retomb\u00e9es \u00e9conomiques plut\u00f4t que de s&#8217;emballer autour du cirque politique &lsquo;, ajoute la banque danoise.\n<\/p>\n<p>Hier, les march\u00e9s d&rsquo;actions am\u00e9ricains, qui se montraient encore h\u00e9sitants \u00e0 mi-s\u00e9ance, ont r\u00e9ussi \u00e0 renouer avec leur dynamique haussi\u00e8re suite \u00e0 la publication des &lsquo; minutes &lsquo; de la derni\u00e8re r\u00e9union de la Fed.\n<\/p>\n<p>Les membres de son comit\u00e9 strat\u00e9gique indiquent qu&rsquo;ils restent pr\u00e9occup\u00e9s par le fait que l&rsquo;approche commerciale de l&rsquo;administration Trump pourrait alimenter l&rsquo;inflation et compliquer la trajectoire des baisses de taux d&rsquo;int\u00e9r\u00eat.\n<\/p>\n<p>Mais ils conviennent aussi que l&rsquo;inflation li\u00e9e aux tarifs pourrait \u00eatre &lsquo; temporaire ou mod\u00e9r\u00e9e &lsquo;.\n<\/p>\n<p>Sept membres de la Fed n&rsquo;anticipent aucune baisse de taux en 2025, contre quatre en mars dernier.\n<\/p>\n<p>Sur le front des statistiques, les investisseurs ont pris connaissance ce matin du taux d&rsquo;inflation en Allemagne, mesur\u00e9 comme la variation de l&rsquo;indice des prix \u00e0 la consommation (IPC) par rapport au m\u00eame mois de l&rsquo;ann\u00e9e pr\u00e9c\u00e9dente. Celui-ci s&rsquo;est \u00e9tabli \u00e0 +2% en juin, selon Destatis, qui confirme donc son estimation pr\u00e9liminaire.\n<\/p>\n<p>Aux \u00c9tats-Unis, le D\u00e9partement du Travail annonce avoir enregistr\u00e9 227 000 nouvelles inscriptions aux allocations ch\u00f4mage la semaine du 30 juin, un chiffre en baisse de 5 000 par rapport \u00e0 la semaine pr\u00e9c\u00e9dente (dont le niveau a \u00e9t\u00e9 r\u00e9vis\u00e9 \u00e0 la baisse de 233 \u00e0 232 000).\n<\/p>\n<p>Sur le march\u00e9 obligataire am\u00e9ricain, les rendements des US T-Bonds \u00e0 10 ans se tendent vers 4,36% (+2pts), le Bund de m\u00eame \u00e9ch\u00e9ance remonte vers 2,65% (+2pts) tout comme l&rsquo;OAT \u00e0 3,39% (+3pts).\n<\/p>\n<p>Dans l&rsquo;actualit\u00e9 des soci\u00e9t\u00e9s tricolores, Airbus Defence and Space s&rsquo;est vu confier par la Direction g\u00e9n\u00e9rale de l&rsquo;armement (DGA) la r\u00e9alisation de simulateurs destin\u00e9s \u00e0 l&rsquo;entra\u00eenement des cyber-combattants du minist\u00e8re des Arm\u00e9es. Ce contrat, d&rsquo;une dur\u00e9e de huit ans est d&rsquo;un montant maximal de 250 millions d&rsquo;euros.\n<\/p>\n<p>Vallourec annonce que sa filiale Vallourec Tianda a \u00e9t\u00e9 reconduite pour figurer sur la liste 2025 des fournisseurs de tubes de cuvelage non-API du groupe chinois Sinopec, l&rsquo;un des plus grands groupes p\u00e9troliers et p\u00e9trochimiques au monde. Il s&rsquo;agit de la quatri\u00e8me ann\u00e9e cons\u00e9cutive que Vallourec obtient cette distinction, renfor\u00e7ant ainsi sa position strat\u00e9gique sur le march\u00e9 \u00e9nerg\u00e9tique chinois.\n<\/p>\n<p>STMicroelectronics annonce un nouvel accord de licence avec Metalenz, accord qui \u00e9tend la capacit\u00e9 du fabricant de puces \u00e0 utiliser la propri\u00e9t\u00e9 intellectuelle de cette soci\u00e9t\u00e9 pour produire des optiques m\u00e9ta-surfaces avanc\u00e9es.\n<\/p>\n<p>Renault annonce le lancement de son nouveau SUV, Boreal, dans le cadre de son plan &lsquo; International Game Plan 2024-2027 &lsquo;. Pr\u00e9sent\u00e9 comme &lsquo;\u00e9l\u00e9gant et technologique&rsquo;, ce v\u00e9hicule est destin\u00e9 aux march\u00e9s hors Europe.\n<\/p>\n<p>Eutelsat gagne plus de 6% apr\u00e8s l&rsquo;annonce que le Royaume-Uni s&rsquo;appr\u00eate \u00e0 participer au projet d&rsquo;augmentation de capital d\u00e9voil\u00e9 par l&rsquo;op\u00e9rateur de satellites le 19 juin dernier, ce qui portera \u00e0 1,5 milliard d&rsquo;euros le montant total de l&rsquo;op\u00e9ration envisag\u00e9e.<\/p>\n","protected":false},"excerpt":{"rendered":"(CercleFinance.com) &#8211; Apr\u00e8s avoir tutoy\u00e9 les 7940 points (+0,8%) en milieu de s\u00e9ance, la bourse de Paris a&hellip;\n","protected":false},"author":2,"featured_media":15273,"comment_status":"","ping_status":"","sticky":false,"template":"","format":"standard","meta":{"footnotes":""},"categories":[1888],"tags":[400,1111,1928,11,1927,398,408,405,1777,674,1011,27,403,402,399,404,12,1926,626,1925,25,401,406,407],"class_list":{"0":"post-240621","1":"post","2":"type-post","3":"status-publish","4":"format-standard","5":"has-post-thumbnail","7":"category-paris","8":"tag-action-cac-40","9":"tag-actu","10":"tag-actu-paris","11":"tag-actualites","12":"tag-actualites-paris","13":"tag-bourse-de-paris","14":"tag-boursorama","15":"tag-cotations","16":"tag-eu","17":"tag-europe","18":"tag-fr","19":"tag-france","20":"tag-indices-devises","21":"tag-investir","22":"tag-investissement","23":"tag-marche-boursier","24":"tag-news","25":"tag-news-paris","26":"tag-paris","27":"tag-paris-news","28":"tag-republique-francaise","29":"tag-sicav","30":"tag-trackers","31":"tag-warrants"},"share_on_mastodon":{"url":"https:\/\/pubeurope.com\/@fr\/114830290846412158","error":""},"_links":{"self":[{"href":"https:\/\/www.europesays.com\/fr\/wp-json\/wp\/v2\/posts\/240621","targetHints":{"allow":["GET"]}}],"collection":[{"href":"https:\/\/www.europesays.com\/fr\/wp-json\/wp\/v2\/posts"}],"about":[{"href":"https:\/\/www.europesays.com\/fr\/wp-json\/wp\/v2\/types\/post"}],"author":[{"embeddable":true,"href":"https:\/\/www.europesays.com\/fr\/wp-json\/wp\/v2\/users\/2"}],"replies":[{"embeddable":true,"href":"https:\/\/www.europesays.com\/fr\/wp-json\/wp\/v2\/comments?post=240621"}],"version-history":[{"count":0,"href":"https:\/\/www.europesays.com\/fr\/wp-json\/wp\/v2\/posts\/240621\/revisions"}],"wp:featuredmedia":[{"embeddable":true,"href":"https:\/\/www.europesays.com\/fr\/wp-json\/wp\/v2\/media\/15273"}],"wp:attachment":[{"href":"https:\/\/www.europesays.com\/fr\/wp-json\/wp\/v2\/media?parent=240621"}],"wp:term":[{"taxonomy":"category","embeddable":true,"href":"https:\/\/www.europesays.com\/fr\/wp-json\/wp\/v2\/categories?post=240621"},{"taxonomy":"post_tag","embeddable":true,"href":"https:\/\/www.europesays.com\/fr\/wp-json\/wp\/v2\/tags?post=240621"}],"curies":[{"name":"wp","href":"https:\/\/api.w.org\/{rel}","templated":true}]}}