{"id":240628,"date":"2025-07-10T18:15:08","date_gmt":"2025-07-10T18:15:08","guid":{"rendered":"https:\/\/www.europesays.com\/fr\/240628\/"},"modified":"2025-07-10T18:15:08","modified_gmt":"2025-07-10T18:15:08","slug":"de-paris-a-soumy-lassociation-safe-envoie-son-300e-convoi-humanitaire-en-ukraine-liberation","status":"publish","type":"post","link":"https:\/\/www.europesays.com\/fr\/240628\/","title":{"rendered":"De Paris \u00e0 Soumy, l\u2019association Safe envoie son 300e convoi humanitaire en Ukraine \u2013 Lib\u00e9ration"},"content":{"rendered":"<p class=\"sc-ksZaOG ehjQrN text-element\">Ce jeudi 10 juillet au matin, dans une rue tranquille du XVe arrondissement de Paris, \u00e0 proximit\u00e9 de l\u2019ambassade ukrainienne, un camion rouge s\u2019est mis en route pour l\u2019oblast de Soumy, dans le nord-est du pays. C\u2019est le trois centi\u00e8me convoi humanitaire envoy\u00e9 par l\u2019association Safe depuis le d\u00e9but de l\u2019invasion russe en f\u00e9vrier 2022. Avec le temps, mat\u00e9riel m\u00e9dical, stations \u00e9lectriques et ambulances ont remplac\u00e9 les produits de premi\u00e8re n\u00e9cessit\u00e9 des d\u00e9buts de l\u2019offensive russe. Mais trois cents fois, la solidarit\u00e9 a pris la route, tenace et pers\u00e9v\u00e9rante.<\/p>\n<p class=\"sc-ksZaOG ehjQrN text-element\">Alors que l\u2019Ukraine subit ces derniers jours <a href=\"https:\/\/www.liberation.fr\/international\/europe\/guerre-en-ukraine-la-russie-intensifie-ses-attaques-20250709_DP2D3BXYONHDBN3HY7G5EJJNFQ\/?redirected=1\" target=\"_blank\" rel=\"nofollow noopener\" title=\"https:\/\/www.liberation.fr\/international\/europe\/guerre-en-ukraine-la-russie-intensifie-ses-attaques-20250709_DP2D3BXYONHDBN3HY7G5EJJNFQ\/?redirected=1\">sa plus grande attaque de drones et de missiles<\/a> depuis le d\u00e9but de l\u2019invasion et que les besoins de la population sont au plus haut, 10 millions d\u2019Ukrainiens d\u00e9pendent de l\u2019aide humanitaire. Depuis f\u00e9vrier 2022, Safe, une association de sant\u00e9 publique cr\u00e9\u00e9e en 1989, maintient un pont humanitaire entre la France et le Comit\u00e9 aide m\u00e9dicale Ukraine, une ONG ukrainienne.<\/p>\n<p class=\"sc-ksZaOG ehjQrN text-element\">R\u00e9cemment distingu\u00e9e par le Grand Prix humanitaire Charles Defforey de l\u2019Institut de France, l\u2019association se mobilise depuis le d\u00e9but du conflit. \u00abJe nous revois en <a hre=\"\"\/><\/p>\n","protected":false},"excerpt":{"rendered":"Ce jeudi 10 juillet au matin, dans une rue tranquille du XVe arrondissement de Paris, \u00e0 proximit\u00e9 de&hellip;\n","protected":false},"author":2,"featured_media":240629,"comment_status":"","ping_status":"","sticky":false,"template":"","format":"standard","meta":{"footnotes":""},"categories":[1590],"tags":[11,1777,674,12,220,297],"class_list":{"0":"post-240628","1":"post","2":"type-post","3":"status-publish","4":"format-standard","5":"has-post-thumbnail","7":"category-ukraine","8":"tag-actualites","9":"tag-eu","10":"tag-europe","11":"tag-news","12":"tag-ukraine","13":"tag-ukraine-la-crise"},"share_on_mastodon":{"url":"https:\/\/pubeurope.com\/@fr\/114830306392532176","error":""},"_links":{"self":[{"href":"https:\/\/www.europesays.com\/fr\/wp-json\/wp\/v2\/posts\/240628","targetHints":{"allow":["GET"]}}],"collection":[{"href":"https:\/\/www.europesays.com\/fr\/wp-json\/wp\/v2\/posts"}],"about":[{"href":"https:\/\/www.europesays.com\/fr\/wp-json\/wp\/v2\/types\/post"}],"author":[{"embeddable":true,"href":"https:\/\/www.europesays.com\/fr\/wp-json\/wp\/v2\/users\/2"}],"replies":[{"embeddable":true,"href":"https:\/\/www.europesays.com\/fr\/wp-json\/wp\/v2\/comments?post=240628"}],"version-history":[{"count":0,"href":"https:\/\/www.europesays.com\/fr\/wp-json\/wp\/v2\/posts\/240628\/revisions"}],"wp:featuredmedia":[{"embeddable":true,"href":"https:\/\/www.europesays.com\/fr\/wp-json\/wp\/v2\/media\/240629"}],"wp:attachment":[{"href":"https:\/\/www.europesays.com\/fr\/wp-json\/wp\/v2\/media?parent=240628"}],"wp:term":[{"taxonomy":"category","embeddable":true,"href":"https:\/\/www.europesays.com\/fr\/wp-json\/wp\/v2\/categories?post=240628"},{"taxonomy":"post_tag","embeddable":true,"href":"https:\/\/www.europesays.com\/fr\/wp-json\/wp\/v2\/tags?post=240628"}],"curies":[{"name":"wp","href":"https:\/\/api.w.org\/{rel}","templated":true}]}}