{"id":240634,"date":"2025-07-10T18:18:09","date_gmt":"2025-07-10T18:18:09","guid":{"rendered":"https:\/\/www.europesays.com\/fr\/240634\/"},"modified":"2025-07-10T18:18:09","modified_gmt":"2025-07-10T18:18:09","slug":"motogp-allemagne-joan-mir-a-recupere-on-laisse-la-chute-dassen-derriere-nous","status":"publish","type":"post","link":"https:\/\/www.europesays.com\/fr\/240634\/","title":{"rendered":"MotoGP, Allemagne, Joan Mir a r\u00e9cup\u00e9r\u00e9 : \u00ab\u00a0On laisse la chute d&rsquo;Assen derri\u00e8re nous\u00a0\u00bb"},"content":{"rendered":"<p><strong>Impliqu\u00e9 malgr\u00e9 lui dans une violente chute \u00e0 Assen,<br \/>\nJoan Mir a travaill\u00e9 sur sa r\u00e9cup\u00e9ration et esp\u00e8re retrouver le top<br \/>\n10 en Allemagne.<\/strong><\/p>\n<p><strong>Joan Mir<\/strong> a de nouveau connu un Grand Prix<br \/>\ncompliqu\u00e9 aux Pays-Bas il y a 15 jours. Premier pilote recal\u00e9 de la<br \/>\nQ2, il s\u2019est \u00e9lanc\u00e9 depuis la 13e position et a chut\u00e9 d\u00e8s le<br \/>\npremier tour de la course sprint le samedi. Le dimanche, il<br \/>\nsemblait dans un bon rythme, au sein du top 10, lorsque Ferm\u00edn<br \/>\nAldeguer a chut\u00e9 devant lui \u00e0 pleine vitesse. <a href=\"https:\/\/www.paddock-gp.com\/motogp-assen-j3-joan-mir-honda-ab-je-suis-content-que-fermin-aille-bien-le-choc-a-ete-violent-pour-moi-aussi\/\" target=\"_blank\" rel=\"noopener nofollow\">Ne pouvant l\u2019\u00e9viter, il a percut\u00e9 sa<br \/>\nmoto de plein fouet et a \u00e9t\u00e9 victime d\u2019une lourde chute,<br \/>\nheureusement sans s\u00e9quelle<\/a>.<\/p>\n<p>Toutefois, le pilote Honda en est ressorti un peu froiss\u00e9 et a<br \/>\nd\u00fb travailler sur sa r\u00e9cup\u00e9ration pour \u00eatre pleinement en forme ce<br \/>\nweek-end en Allemagne. \u00ab\u00a0Je suis compl\u00e8tement remis de ma<br \/>\nchute d\u2019Assen et j\u2019ai pass\u00e9 la semaine \u00e0 m\u2019entra\u00eener en salle, \u00e0<br \/>\nv\u00e9lo et en motocross. Maintenant, on laisse la chute d\u2019Assen<br \/>\nderri\u00e8re nous et on se concentre sur les week-ends en Allemagne et<br \/>\n\u00e0 Brno\u00a0\u00bb, a-t-il affirm\u00e9 \u00e0 la veille d\u2019entrer en<br \/>\npiste.<\/p>\n<p>\u00ab\u00a0Le Sachsenring est un circuit tr\u00e8s diff\u00e9rent du<br \/>\nMugello et d\u2019Assen. On passe de la vitesse \u00e0 la technique et \u00e0<br \/>\nl\u2019adh\u00e9rence sur les flancs des pneus. On verra comment sera notre<br \/>\nperformance et si on peut revenir dans la lutte pour le top 10 \u00e0<br \/>\nchaque s\u00e9ance.\u00a0\u00bb<\/p>\n<p><img loading=\"lazy\" decoding=\"async\" class=\"aligncenter size-full wp-image-1307818\" src=\"https:\/\/www.europesays.com\/fr\/wp-content\/uploads\/2025\/07\/685ec3f49a94b9.01545827.jpg\" alt=\"Joan Mir\" width=\"800\" height=\"533\"  \/><\/p>\n<p>Les trois derniers Grands Prix ont \u00e9t\u00e9 particuli\u00e8rement<br \/>\ncompliqu\u00e9s pour le clan Honda, et tous les pilotes esp\u00e8rent revenir<br \/>\naux avant-postes apr\u00e8s le d\u00e9but de saison prometteur r\u00e9alis\u00e9. Avec<br \/>\nneuf r\u00e9sultats blancs sur les 20 courses disput\u00e9es, <strong>Joan<br \/>\nMir<\/strong> a d\u2019autant plus envie d\u2019aller de l\u2019avant et de<br \/>\nd\u00e9crocher de solides r\u00e9sultats qu\u2019il est particuli\u00e8rement loin au<br \/>\nchampionnat. Il est en effet 19e avec 32 points, quand son<br \/>\nco\u00e9quipier Luca Marini, pourtant bless\u00e9 et absent depuis trois GP,<br \/>\nest 16e avec 38 points. Johann Zarco est pour sa part septi\u00e8me avec<br \/>\n101 points.<\/p>\n<p>Ces deux Grands Prix cons\u00e9cutifs en Allemagne et en R\u00e9publique<br \/>\nTch\u00e8que sont l\u2019occasion pour l\u2019Espagnol de conclure cette premi\u00e8re<br \/>\npartie de saison de fa\u00e7on positive et de faire oublier un peu<br \/>\ntoutes ses chutes. Rendez-vous demain matin, \u00e0 10h45, pour le d\u00e9but<br \/>\ndes FP1.<\/p>\n","protected":false},"excerpt":{"rendered":"Impliqu\u00e9 malgr\u00e9 lui dans une violente chute \u00e0 Assen, Joan Mir a travaill\u00e9 sur sa r\u00e9cup\u00e9ration et esp\u00e8re&hellip;\n","protected":false},"author":2,"featured_media":240635,"comment_status":"","ping_status":"","sticky":false,"template":"","format":"standard","meta":{"footnotes":""},"categories":[1587],"tags":[11,672,1804,1805,1803,1777,674,1801,12,1802],"class_list":{"0":"post-240634","1":"post","2":"type-post","3":"status-publish","4":"format-standard","5":"has-post-thumbnail","7":"category-allemagne","8":"tag-actualites","9":"tag-allemagne","10":"tag-bundesrepublik-deutschland","11":"tag-de","12":"tag-deutschland","13":"tag-eu","14":"tag-europe","15":"tag-germany","16":"tag-news","17":"tag-republique-federale-dallemagne"},"share_on_mastodon":{"url":"https:\/\/pubeurope.com\/@fr\/114830318271485745","error":""},"_links":{"self":[{"href":"https:\/\/www.europesays.com\/fr\/wp-json\/wp\/v2\/posts\/240634","targetHints":{"allow":["GET"]}}],"collection":[{"href":"https:\/\/www.europesays.com\/fr\/wp-json\/wp\/v2\/posts"}],"about":[{"href":"https:\/\/www.europesays.com\/fr\/wp-json\/wp\/v2\/types\/post"}],"author":[{"embeddable":true,"href":"https:\/\/www.europesays.com\/fr\/wp-json\/wp\/v2\/users\/2"}],"replies":[{"embeddable":true,"href":"https:\/\/www.europesays.com\/fr\/wp-json\/wp\/v2\/comments?post=240634"}],"version-history":[{"count":0,"href":"https:\/\/www.europesays.com\/fr\/wp-json\/wp\/v2\/posts\/240634\/revisions"}],"wp:featuredmedia":[{"embeddable":true,"href":"https:\/\/www.europesays.com\/fr\/wp-json\/wp\/v2\/media\/240635"}],"wp:attachment":[{"href":"https:\/\/www.europesays.com\/fr\/wp-json\/wp\/v2\/media?parent=240634"}],"wp:term":[{"taxonomy":"category","embeddable":true,"href":"https:\/\/www.europesays.com\/fr\/wp-json\/wp\/v2\/categories?post=240634"},{"taxonomy":"post_tag","embeddable":true,"href":"https:\/\/www.europesays.com\/fr\/wp-json\/wp\/v2\/tags?post=240634"}],"curies":[{"name":"wp","href":"https:\/\/api.w.org\/{rel}","templated":true}]}}